{"id":10267,"date":"2022-01-12T17:31:18","date_gmt":"2022-01-12T20:31:18","guid":{"rendered":"http:\/\/dgospel.com.br\/portal\/?p=10267"},"modified":"2022-01-12T17:31:20","modified_gmt":"2022-01-12T20:31:20","slug":"governo-do-tocantins-antecipa-o-repasse-dos-beneficios-eventuais-de-2022-para-39-municipios-em-situacao-de-emergencia","status":"publish","type":"post","link":"https:\/\/dgospel.com.br\/portal\/index.php\/2022\/01\/12\/governo-do-tocantins-antecipa-o-repasse-dos-beneficios-eventuais-de-2022-para-39-municipios-em-situacao-de-emergencia\/","title":{"rendered":"Governo do Tocantins antecipa o repasse dos Benef\u00edcios Eventuais de 2022 para 39 munic\u00edpios em situa\u00e7\u00e3o de emerg\u00eancia"},"content":{"rendered":"\n<p>A a\u00e7\u00e3o \u00e9 uma forma do Governo do Tocantins amparar \u00e0 popula\u00e7\u00e3o dos munic\u00edpios que est\u00e3o em situa\u00e7\u00e3o de emerg\u00eancia devido \u00e0s enchentes.&nbsp;<\/p>\n\n\n\n<p>&#8220;Tomamos essa atitude por causa dos danos causados pelas chuvas, esse recurso se mostra de extrema import\u00e2ncia aos munic\u00edpios impactados, pois n\u00e3o quero ver nenhum tocantinense passando por dificuldades neste momento. O que o Governo Tocantins puder fazer, n\u00f3s vamos fazer. Tomaremos todas as medidas necess\u00e1rias\u201d, afirmou o governador em exerc\u00edcio do Estado do Tocantins, Wanderlei Barbosa.*<\/p>\n\n\n\n<p>Os valores do cofinanciamento dos Benef\u00edcios Eventuais seriam repassados pelo Estado no decorrer do ano e foram antecipados para os pr\u00f3ximos dias para que os munic\u00edpios possam amenizar os impactos das cheias dos rios na popula\u00e7\u00e3o do estado. S\u00e3o 36 munic\u00edpios de pequeno porte I, que ter\u00e3o antecipados 27 mil reais cada; e tr\u00eas munic\u00edpios de pequeno porte II, que antecipam 36 mil reais cada.<\/p>\n\n\n\n<p>\u201cO momento dif\u00edcil por que passam v\u00e1rias cidades tocantinenses com a popula\u00e7\u00e3o sofrendo os impactos das cheias dos rios, fez com que o Governo do Tocantins antecipe o valor do repasse do cofinanciamento dos Benef\u00edcios Eventuais, referente ao ano 2022, aos 39 munic\u00edpios que est\u00e3o em situa\u00e7\u00e3o de emerg\u00eancia por conta das enchentes\u201d, destacou o gestor da Secretaria Estadual do Trabalho e Desenvolvimento Social (Setas), Jos\u00e9 Messias Ara\u00fajo.<\/p>\n\n\n\n<p>O secret\u00e1rio Jos\u00e9 Messias lembrou que al\u00e9m das enchentes os munic\u00edpios enfrentam o aumento dos casos de gripe e da covid-19. \u201cO governador Wanderlei Barbosa est\u00e1 sensibilizado com a situa\u00e7\u00e3o de emerg\u00eancia por que passa nossa popula\u00e7\u00e3o atingida; e para os munic\u00edpios impactados \u00e9 importante que esse recurso seja antecipado para que esse enfrentamento seja imediato e evite maiores transtornos a quem est\u00e1 sofrendo com essas situa\u00e7\u00f5es\u201d, refor\u00e7ou.<\/p>\n\n\n\n<p>A diretora substituta do Sistema \u00danico de Assist\u00eancia Social (Suas) da Setas, Sueli Abreu, pontua que existem crit\u00e9rios para a utiliza\u00e7\u00e3o dos recursos de cofinanciamento dos Benef\u00edcios Eventuais, que podem ser utilizados para as situa\u00e7\u00f5es de nascimento, morte, vulnerabilidade tempor\u00e1ria e calamidade p\u00fablica.<br>\u201cOs Benef\u00edcios Eventuais s\u00e3o previstos pela Lei Org\u00e2nica de Assist\u00eancia Social (Loas) e s\u00e3o oferecidos pelos munic\u00edpios aos cidad\u00e3os e suas fam\u00edlias que n\u00e3o t\u00eam condi\u00e7\u00f5es de arcar, por conta pr\u00f3pria, com o enfrentamento de situa\u00e7\u00f5es de dificuldades\u201d, ressaltou a diretora do Suas, destacando que \u201ca regulamenta\u00e7\u00e3o e a organiza\u00e7\u00e3o do atendimento aos benefici\u00e1rios s\u00e3o de responsabilidade dos munic\u00edpios, que consideram crit\u00e9rios e prazos estabelecidos pelos Conselhos Municipais de Assist\u00eancia Social\u201d.<\/p>\n\n\n\n<p><strong>Benef\u00edcios Eventuais<\/strong><\/p>\n\n\n\n<p>Os Benef\u00edcios Eventuais s\u00e3o ofertados pelos munic\u00edpios e visam o atendimento imediato de necessidades humanas b\u00e1sicas decorrentes de conting\u00eancias sociais, ou seja, situa\u00e7\u00f5es inesperadas. Para solicitar o benef\u00edcio, o cidad\u00e3o deve procurar as unidades da Assist\u00eancia Social no munic\u00edpio.&nbsp;<br>Nascimento: para atender as necessidades do beb\u00ea que vai nascer; apoiar a m\u00e3e nos casos em que o beb\u00ea nasce morto ou morre logo ap\u00f3s o nascimento; e apoiar a fam\u00edlia em caso de morte da m\u00e3e.<\/p>\n\n\n\n<p><strong>Morte:<\/strong>&nbsp;para atender as necessidades urgentes da fam\u00edlia ap\u00f3s a morte de um de seus provedores ou membros; atender as despesas de urna funer\u00e1ria, vel\u00f3rio e sepultamento, desde que n\u00e3o haja no munic\u00edpio outro benef\u00edcio que garanta o atendimento a estas despesas.<\/p>\n\n\n\n<p><strong>Vulnerabilidade Tempor\u00e1ria:<\/strong>&nbsp;para o enfrentamento de situa\u00e7\u00f5es de riscos, perdas e danos \u00e0 integridade da pessoa e\/ou de sua fam\u00edlia e outras situa\u00e7\u00f5es sociais que comprometam a sobreviv\u00eancia.<\/p>\n\n\n\n<p><strong>Calamidade P\u00fablica:<\/strong>&nbsp;para garantir os meios necess\u00e1rios \u00e0 sobreviv\u00eancia da fam\u00edlia e do indiv\u00edduo, com o objetivo de assegurar a dignidade e a reconstru\u00e7\u00e3o da autonomia das pessoas e das fam\u00edlias atingidas.<\/p>\n\n\n\n<p><strong>Munic\u00edpios em situa\u00e7\u00e3o de emerg\u00eancia<\/strong><\/p>\n\n\n\n<p>Os munic\u00edpios em situa\u00e7\u00e3o de emerg\u00eancia a terem os recursos antecipados s\u00e3o:<\/p>\n\n\n\n<p><strong>Munic\u00edpio de Pequeno Porte I<\/strong>&nbsp;\u2013 Alian\u00e7a, Araguan\u00e3, Arraias , Axix\u00e1, Barra do Ouro, Bom Jesus do Tocantins, Brejinho de Nazar\u00e9, Carrasco Bonito, Dois Irm\u00e3os, Esperantina, Filad\u00e9lfia, Formoso do Araguaia, Goiatins, Ipueiras do Tocantins, Itaguatins, Itapiratins, Lajeado, Mauril\u00e2ndia, Miranorte, Paran\u00e3, Palmeirante, Pedro Afonso, Peixe, Pium, Praia Norte, Rio dos Bois, Sampaio, Santa Maria do Tocantins, Santa Rita, S\u00e3o Miguel, S\u00e3o Salvador do Tocantins, S\u00e3o Sebasti\u00e3o do Tocantins, S\u00e3o Val\u00e9rio da Natividade, Tocant\u00ednia, Tupirama e Tupiratins.<\/p>\n\n\n\n<figure class=\"wp-block-image\"><img src=\"https:\/\/central.to.gov.br\/image\/276699?w=670&amp;h=383\" alt=\"\"\/><\/figure>\n\n\n\n<p>Benef\u00edcios Eventuais s\u00e3o ofertados pelos munic\u00edpios e visam o atendimento imediato de necessidades humanas b\u00e1sicas decorrentes de conting\u00eancias sociais, ou seja, situa\u00e7\u00f5es inesperadas &#8211; Antonio Gon\u00e7alves\/Governo do Tocantins.<\/p>\n\n\n\n<figure class=\"wp-block-image\"><img src=\"https:\/\/central.to.gov.br\/image\/276700?w=670&amp;h=383\" alt=\"\"\/><\/figure>\n\n\n\n<p>S\u00e3o 36 munic\u00edpios de pequeno porte I, que ter\u00e3o antecipados 27 mil reais cada; e tr\u00eas munic\u00edpios de pequeno porte II, que antecipam 36 mil reais cada &#8211; Antonio Gon\u00e7alves\/Governo do Tocantins.<\/p>\n\n\n\n<figure class=\"wp-block-image\"><img src=\"https:\/\/central.to.gov.br\/image\/276701?w=670&amp;h=383\" alt=\"\"\/><\/figure>\n\n\n\n<p>Valores foram antecipados para os pr\u00f3ximos dias para que os munic\u00edpios possam amenizar os impactos das cheias dos rios na popula\u00e7\u00e3o do Estado &#8211; Antonio Gon\u00e7alves\/Governo do Tocantins\n\n<\/p>\n","protected":false},"excerpt":{"rendered":"<p>A a\u00e7\u00e3o \u00e9 uma forma do Governo do Tocantins amparar \u00e0 popula\u00e7\u00e3o dos munic\u00edpios que est\u00e3o em situa\u00e7\u00e3o de emerg\u00eancia devido \u00e0s enchentes.&nbsp; &#8220;Tomamos essa atitude por causa dos danos causados pelas chuvas, esse recurso se mostra de extrema import\u00e2ncia aos munic\u00edpios impactados, pois n\u00e3o quero ver nenhum tocantinense passando por dificuldades neste momento. O [&hellip;]<\/p>\n","protected":false},"author":2,"featured_media":10268,"comment_status":"open","ping_status":"open","sticky":false,"template":"","format":"standard","meta":[],"categories":[3],"tags":[13],"_links":{"self":[{"href":"https:\/\/dgospel.com.br\/portal\/index.php\/wp-json\/wp\/v2\/posts\/10267"}],"collection":[{"href":"https:\/\/dgospel.com.br\/portal\/index.php\/wp-json\/wp\/v2\/posts"}],"about":[{"href":"https:\/\/dgospel.com.br\/portal\/index.php\/wp-json\/wp\/v2\/types\/post"}],"author":[{"embeddable":true,"href":"https:\/\/dgospel.com.br\/portal\/index.php\/wp-json\/wp\/v2\/users\/2"}],"replies":[{"embeddable":true,"href":"https:\/\/dgospel.com.br\/portal\/index.php\/wp-json\/wp\/v2\/comments?post=10267"}],"version-history":[{"count":1,"href":"https:\/\/dgospel.com.br\/portal\/index.php\/wp-json\/wp\/v2\/posts\/10267\/revisions"}],"predecessor-version":[{"id":10269,"href":"https:\/\/dgospel.com.br\/portal\/index.php\/wp-json\/wp\/v2\/posts\/10267\/revisions\/10269"}],"wp:featuredmedia":[{"embeddable":true,"href":"https:\/\/dgospel.com.br\/portal\/index.php\/wp-json\/wp\/v2\/media\/10268"}],"wp:attachment":[{"href":"https:\/\/dgospel.com.br\/portal\/index.php\/wp-json\/wp\/v2\/media?parent=10267"}],"wp:term":[{"taxonomy":"category","embeddable":true,"href":"https:\/\/dgospel.com.br\/portal\/index.php\/wp-json\/wp\/v2\/categories?post=10267"},{"taxonomy":"post_tag","embeddable":true,"href":"https:\/\/dgospel.com.br\/portal\/index.php\/wp-json\/wp\/v2\/tags?post=10267"}],"curies":[{"name":"wp","href":"https:\/\/api.w.org\/{rel}","templated":true}]}}