{"id":10276,"date":"2022-01-13T11:58:06","date_gmt":"2022-01-13T14:58:06","guid":{"rendered":"http:\/\/dgospel.com.br\/portal\/?p=10276"},"modified":"2022-01-13T11:58:07","modified_gmt":"2022-01-13T14:58:07","slug":"wanderlei-barbosa-se-reune-com-membros-do-comite-de-enfrentamento-a-pandemia-para-alinhamento-das-acoes-de-prevencao-e-combate-ao-virus","status":"publish","type":"post","link":"https:\/\/dgospel.com.br\/portal\/index.php\/2022\/01\/13\/wanderlei-barbosa-se-reune-com-membros-do-comite-de-enfrentamento-a-pandemia-para-alinhamento-das-acoes-de-prevencao-e-combate-ao-virus\/","title":{"rendered":"Wanderlei Barbosa se re\u00fane com membros do Comit\u00ea de Enfrentamento \u00e0 Pandemia para alinhamento das a\u00e7\u00f5es de preven\u00e7\u00e3o e combate ao v\u00edrus"},"content":{"rendered":"\n<p>O Comit\u00ea Estadual de Enfrentamento \u00e0 Pandemia do Coronav\u00edrus se reuniu nesta quarta-feira, 12, para alinhamento e monitoramento das a\u00e7\u00f5es de preven\u00e7\u00e3o e combate ao v\u00edrus, considerando a alta dos casos de contamina\u00e7\u00e3o da covid-19 e a previs\u00e3o de retorno \u00e0s aulas no pr\u00f3ximo dia 1\u00ba de fevereiro. A reuni\u00e3o foi conduzida pelo governador em exerc\u00edcio do Estado do Tocantins, Wanderlei Barbosa.<\/p>\n\n\n\n<p>Durante a reuni\u00e3o, o secret\u00e1rio de Sa\u00fade, Afonso Piva, apresentou os dados que constatam aumento consider\u00e1vel de casos de covid-19 nos primeiros dias de 2022, em compara\u00e7\u00e3o ao m\u00eas passado. At\u00e9 o dia 12 de janeiro deste ano foram registrados 3.426 casos ativos, o que representa quase 95% da totalidade de casos de dezembro de 2021, per\u00edodo em que 3.519 pessoas foram confirmadas com a doen\u00e7a.<\/p>\n\n\n\n<p>Embora haja uma alta proporcional na quantidade de contamina\u00e7\u00e3o, o secret\u00e1rio Afonso Piva ressaltou que o \u00edndice de letalidade \u00e9 menor diante da quantidade de \u00f3bitos j\u00e1 registrados desde o in\u00edcio da pandemia. Nesses primeiros 12 dias do ano, tr\u00eas pessoas foram a \u00f3bito em decorr\u00eancia da covid-19.&nbsp;<\/p>\n\n\n\n<p>\u201cA vacina\u00e7\u00e3o tem tido um resultado positivo na popula\u00e7\u00e3o. Por mais que tenha aumentado o n\u00famero de contamina\u00e7\u00e3o, n\u00e3o est\u00e1 agravando a quest\u00e3o de \u00f3bitos, portanto, o principal foco nosso \u00e9 fazer uma campanha maior de vacina\u00e7\u00e3o e pedir para a popula\u00e7\u00e3o se vacinar. Temos vacinas suficientes para imunizar a popula\u00e7\u00e3o\u201d, declarou o secret\u00e1rio de Sa\u00fade.<\/p>\n\n\n\n<p>O governador Wanderlei Barbosa tamb\u00e9m refor\u00e7ou a import\u00e2ncia da vacina\u00e7\u00e3o. \u201cA vacina\u00e7\u00e3o diminui a for\u00e7a do v\u00edrus com rela\u00e7\u00e3o aos \u00f3bitos. J\u00e1 n\u00e3o temos mais o mesmo \u00edndice de mortalidade que j\u00e1 tivemos nos primeiros momentos, e isso \u00e9 um alento. Precisamos fortalecer as nossas campanhas de vacina\u00e7\u00e3o. Quero pedir o esfor\u00e7o de todos, vamos conversar com todos os prefeitos para apoiar as campanhas de vacina\u00e7\u00e3o, para que possamos atingir mais pessoas. N\u00f3s j\u00e1 perdemos tantas pessoas da nossa conviv\u00eancia, j\u00e1 perdemos quase quatro mil tocantinenses e mais de 600 mil brasileiros. N\u00e3o podemos perder mais vidas\u201d, ressaltou.<\/p>\n\n\n\n<p>O Governador externou tamb\u00e9m que o Estado deve estar preparado caso haja uma nova onda que implique em uma estrutura hospitalar mais robusta. \u201cEstamos orientando a nossa equipe para que a gente possa dar tranquilidade \u00e0 popula\u00e7\u00e3o, de que estamos preparados para montar novamente uma estrutura de atendimento para a popula\u00e7\u00e3o do Estado, caso seja necess\u00e1rio. Janeiro foi o m\u00eas que tivemos menos \u00f3bitos, mas temos que estar com a nossa estrutura hospitalar preparada para uma situa\u00e7\u00e3o de emerg\u00eancia\u201d, ponderou.<\/p>\n\n\n\n<p>O secret\u00e1rio Afonso Piva destacou ainda que no cen\u00e1rio atual do Tocantins, n\u00e3o h\u00e1 filas de espera para leitos cl\u00ednicos e nem de Unidade de Terapia Intensiva (UTI), mas que o Estado est\u00e1 preparado caso seja necess\u00e1rio. \u201cSe precisar aumentar os leitos de UTI e cl\u00ednicos, n\u00f3s estamos preparados e sempre atentos, se a popula\u00e7\u00e3o precisar n\u00f3s iremos aumentar. Gurupi, por exemplo, j\u00e1 est\u00e1 no topo de sua ocupa\u00e7\u00e3o, ent\u00e3o j\u00e1 solicitamos mais 10 leitos de UTI, e caso haja necessidade tamb\u00e9m podemos fazer a movimenta\u00e7\u00e3o do paciente de uma cidade para outra\u201d, explicou.&nbsp;<\/p>\n\n\n\n<p><strong>Volta \u00e0s aulas<\/strong><\/p>\n\n\n\n<p>O retorno das aulas da rede estadual de ensino est\u00e1 previsto para o pr\u00f3ximo dia 1\u00ba de fevereiro e a Secretaria de Estado da Educa\u00e7\u00e3o, Juventude e Esportes (Seduc) est\u00e1 preparada para receber os alunos com todas as medidas de seguran\u00e7a, com um planejamento flex\u00edvel que monitora diariamente os casos de covid-19.<\/p>\n\n\n\n<p>Uma medida de seguran\u00e7a que est\u00e1 sendo tomada pela pasta \u00e9 o levantamento de todos os profissionais da Educa\u00e7\u00e3o que ainda n\u00e3o se vacinaram, para que sejam orientados a se vacinar antes do in\u00edcio das aulas.&nbsp;<\/p>\n\n\n\n<p>O titular da pasta, F\u00e1bio Vaz, destacou que campanhas educativas de vacina\u00e7\u00e3o tamb\u00e9m ser\u00e3o realizadas com o foco no estudante, para estimular o aluno que ainda n\u00e3o se vacinou a se imunizar.&nbsp;<\/p>\n\n\n\n<p>De acordo com o governador Wanderlei Barbosa, o Governo pretende retomar as aulas com seguran\u00e7a. \u201cA nossa inten\u00e7\u00e3o \u00e9 retomar as aulas de forma segura, sem colocar em risco a popula\u00e7\u00e3o. N\u00f3s temos que ter o cuidado de priorizar e disciplinar a nossa equipe para a vida, que \u00e9 o mais importante para n\u00f3s, preservar a vida do cidad\u00e3o tocantinense\u201d, ressaltou.<\/p>\n\n\n\n<p><strong>Comit\u00ea<\/strong><\/p>\n\n\n\n<p>As reuni\u00f5es do Comit\u00ea de Crise acontecem semanalmente a fim de acompanhar, incentivar e propor medidas que contribuam para o combate \u00e0 pandemia e para a transpar\u00eancia das a\u00e7\u00f5es relacionadas ao painel epidemiol\u00f3gico e aos recursos aplicados no enfrentamento \u00e0 pandemia no Estado.<\/p>\n\n\n\n<p>O Comit\u00ea \u00e9 composto pelas seguintes institui\u00e7\u00f5es: Secretarias de Estado da Sa\u00fade, da Comunica\u00e7\u00e3o e da Educa\u00e7\u00e3o, Juventude e Esportes; Corpo de Bombeiros Militar do Estado do Tocantins (CBMTO); Pol\u00edcia Militar do Estado do Tocantins (PMTO); Assembleia Legislativa; Tribunal de Justi\u00e7a (TJ); Minist\u00e9rio P\u00fablico Estadual (MPTO); Tribunal de Contas do Estado (TCE); Defensoria P\u00fablica do Estado do Tocantins (DPE); Minist\u00e9rio P\u00fablico Federal (MPF-TO); Pol\u00edcia Federal; Pol\u00edcia Rodovi\u00e1ria Federal; Marinha do Brasil &#8211; Capitania Fluvial Araguaia Tocantins; Ex\u00e9rcito Brasileiro &#8211; 22\u00ba Batalh\u00e3o da Infantaria Tocantins e Infraero.<\/p>\n\n\n\n<figure class=\"wp-block-image\"><img src=\"https:\/\/central.to.gov.br\/image\/276780?w=670&amp;h=383\" alt=\"\"\/><\/figure>\n\n\n\n<p>As reuni\u00f5es do Comit\u00ea de Crise acontecem semanalmente a fim de acompanhar, incentivar e propor medidas que contribuam para o combate \u00e0 pandemia &#8211; Esequias Ara\u00fajo\/Governo do Tocantins.<\/p>\n\n\n\n<figure class=\"wp-block-image\"><img src=\"https:\/\/central.to.gov.br\/image\/276781?w=670&amp;h=383\" alt=\"\"\/><\/figure>\n\n\n\n<p>O Governador externou tamb\u00e9m que o Estado deve estar preparado caso haja uma nova onda que implique em uma estrutura hospitalar mais robusta &#8211; Esequias Ara\u00fajo\/Governo do Tocantins&nbsp;\n\n<\/p>\n","protected":false},"excerpt":{"rendered":"<p>O Comit\u00ea Estadual de Enfrentamento \u00e0 Pandemia do Coronav\u00edrus se reuniu nesta quarta-feira, 12, para alinhamento e monitoramento das a\u00e7\u00f5es de preven\u00e7\u00e3o e combate ao v\u00edrus, considerando a alta dos casos de contamina\u00e7\u00e3o da covid-19 e a previs\u00e3o de retorno \u00e0s aulas no pr\u00f3ximo dia 1\u00ba de fevereiro. A reuni\u00e3o foi conduzida pelo governador em [&hellip;]<\/p>\n","protected":false},"author":2,"featured_media":10277,"comment_status":"open","ping_status":"open","sticky":false,"template":"","format":"standard","meta":[],"categories":[3],"tags":[13],"_links":{"self":[{"href":"https:\/\/dgospel.com.br\/portal\/index.php\/wp-json\/wp\/v2\/posts\/10276"}],"collection":[{"href":"https:\/\/dgospel.com.br\/portal\/index.php\/wp-json\/wp\/v2\/posts"}],"about":[{"href":"https:\/\/dgospel.com.br\/portal\/index.php\/wp-json\/wp\/v2\/types\/post"}],"author":[{"embeddable":true,"href":"https:\/\/dgospel.com.br\/portal\/index.php\/wp-json\/wp\/v2\/users\/2"}],"replies":[{"embeddable":true,"href":"https:\/\/dgospel.com.br\/portal\/index.php\/wp-json\/wp\/v2\/comments?post=10276"}],"version-history":[{"count":1,"href":"https:\/\/dgospel.com.br\/portal\/index.php\/wp-json\/wp\/v2\/posts\/10276\/revisions"}],"predecessor-version":[{"id":10278,"href":"https:\/\/dgospel.com.br\/portal\/index.php\/wp-json\/wp\/v2\/posts\/10276\/revisions\/10278"}],"wp:featuredmedia":[{"embeddable":true,"href":"https:\/\/dgospel.com.br\/portal\/index.php\/wp-json\/wp\/v2\/media\/10277"}],"wp:attachment":[{"href":"https:\/\/dgospel.com.br\/portal\/index.php\/wp-json\/wp\/v2\/media?parent=10276"}],"wp:term":[{"taxonomy":"category","embeddable":true,"href":"https:\/\/dgospel.com.br\/portal\/index.php\/wp-json\/wp\/v2\/categories?post=10276"},{"taxonomy":"post_tag","embeddable":true,"href":"https:\/\/dgospel.com.br\/portal\/index.php\/wp-json\/wp\/v2\/tags?post=10276"}],"curies":[{"name":"wp","href":"https:\/\/api.w.org\/{rel}","templated":true}]}}