{"id":10282,"date":"2022-01-19T12:48:03","date_gmt":"2022-01-19T15:48:03","guid":{"rendered":"http:\/\/dgospel.com.br\/portal\/?p=10282"},"modified":"2022-01-19T12:48:05","modified_gmt":"2022-01-19T15:48:05","slug":"comprovante-de-vacinacao-contra-covid-19-sera-obrigatorio-em-orgaos-publicos-de-palmas","status":"publish","type":"post","link":"https:\/\/dgospel.com.br\/portal\/index.php\/2022\/01\/19\/comprovante-de-vacinacao-contra-covid-19-sera-obrigatorio-em-orgaos-publicos-de-palmas\/","title":{"rendered":"Comprovante de vacina\u00e7\u00e3o contra Covid-19 ser\u00e1 obrigat\u00f3rio em \u00f3rg\u00e3os p\u00fablicos de Palmas"},"content":{"rendered":"\n<p>A Prefeitura de Palmas adotou a obrigatoriedade da comprova\u00e7\u00e3o de vacina\u00e7\u00e3o contra a Covid-19 para o ingresso e a perman\u00eancia do p\u00fablico interno e externo nos \u00f3rg\u00e3os e entidades da Administra\u00e7\u00e3o do Munic\u00edpio de Palmas. A medida consta no\u00a0<a rel=\"noreferrer noopener\" target=\"_blank\" href=\"http:\/\/diariooficial.palmas.to.gov.br\/media\/diario\/2898-13-1-2022-20-32-39.pdf\">Decreto n\u00ba 2.137<\/a>, publicado na edi\u00e7\u00e3o desta quinta-feira,  13, do Di\u00e1rio Oficial do Munic\u00edpio (DOM). Com efeito imediato \u00e0 sua publica\u00e7\u00e3o, o decreto estipula prazo at\u00e9 21 de janeiro para que os servidores p\u00fablicos municipais apresentem o comprovante de vacina ao n\u00facleo de recursos humanos do \u00f3rg\u00e3o ou entidade em que estejam lotados.<\/p>\n\n\n\n<p>Conforme o decreto, a vacina\u00e7\u00e3o a ser comprovada \u2013 por meio do certificado nacional de vacina\u00e7\u00e3o digital ou do cart\u00e3o de vacina\u00e7\u00e3o f\u00edsico emitido pelos \u00f3rg\u00e3os de sa\u00fade locais \u2013 corresponde \u00e0 plataforma vacinal prevista em dose \u00fanica ou duas doses, referente ao programa de vacina\u00e7\u00e3o contra a Covid-19, observado o cronograma vacinal. Para ter acesso \u00e0s depend\u00eancias dos pr\u00e9dios e das unidades do Executivo Municipal, a pessoa n\u00e3o vacinada dever\u00e1 apresentar teste RT\/PCR ou teste ant\u00edgeno negativo para Covid-19, realizados nas \u00faltimas 72 horas.<\/p>\n\n\n\n<p>\u201cEssa medida tem por objetivo proteger os nossos servidores, o cidad\u00e3o que busca a Prefeitura para resolver algum problema. Proteger tamb\u00e9m a nossa economia, contribuir para manter e aumentar os empregos gerados na iniciativa privada\u201d, afirma a prefeita Cinthia Ribeiro.<\/p>\n\n\n\n<p>A exig\u00eancia do comprovante de vacina\u00e7\u00e3o leva em considera\u00e7\u00e3o, al\u00e9m de previs\u00f5es legais e recomenda\u00e7\u00f5es cient\u00edficas, duas manifesta\u00e7\u00f5es recentes do Superior Tribunal Federal (STF), de autoria do ministro Ricardo Lewandowski e mencionadas no Decreto n\u00ba 2.137 (<a>leia aqui a \u00edntegra do decreto<\/a>). Entre v\u00e1rios outros argumentos, o ministro ressalta que \u201c&#8230;a Constitui\u00e7\u00e3o outorgou a todos os entes federados a compet\u00eancia comum de cuidar da sa\u00fade, compreendida nela a ado\u00e7\u00e3o de quaisquer medidas que se mostrem necess\u00e1rias para salvar vidas e garantir a higidez f\u00edsica das pessoas amea\u00e7adas ou acometidas pela nova mol\u00e9stia.&#8221;<\/p>\n\n\n\n<p>O servidor p\u00fablico municipal que n\u00e3o comprovar a vacina\u00e7\u00e3o ou n\u00e3o apresentar teste negativo contra a Covid-19, ser\u00e1 impedido de entrar ou permanecer nas depend\u00eancias dos \u00f3rg\u00e3os p\u00fablicos municipais, raz\u00e3o pela qual n\u00e3o poder\u00e1 cumprir sua jornada de trabalho e, consequentemente, ter\u00e1 o dia considerado como falta injustificada. Pessoas exclu\u00eddas do Programa Nacional de Vacina\u00e7\u00e3o contra a doen\u00e7a est\u00e3o exclu\u00eddas das exig\u00eancias do decreto, desde que apresentem atestado m\u00e9dico que evidencie a contraindica\u00e7\u00e3o.<\/p>\n\n\n\n<p>O servidor nomeado em car\u00e1ter comissionado, designado para exercer fun\u00e7\u00e3o gratificada ou contratado temporariamente, que n\u00e3o comprovar a vacina\u00e7\u00e3o contra a Covid-19 ou n\u00e3o apresentar teste negativo, ser\u00e1 exonerado do cargo, destitu\u00eddo da fun\u00e7\u00e3o gratificada ou ter\u00e1 rescindido seu contrato de trabalho.<\/p>\n\n\n\n<p><strong>Vacina<\/strong><\/p>\n\n\n\n<p>A Secretaria Municipal da Sa\u00fade (Semus) de Palmas j\u00e1 aplicou 447 mil doses de vacinas, sendo mais de 220 mil primeiras doses, 188,8 mil referentes \u00e0 segunda dose ou dose \u00fanica, e 37,3 mil doses de refor\u00e7o, conforme atualiza\u00e7\u00e3o at\u00e9 o dia 12 de janeiro. A Semus disponibiliza a vacina contra a Covid-19, de segunda a sexta-feira, em mais de 20 Unidades de Sa\u00fade da Fam\u00edlia (USFs), al\u00e9m de a\u00e7\u00f5es itinerantes em v\u00e1rios pontos da cidade, inclusive nos finais de semana, por meio do programa \u2018Mais Sa\u00fade\u2019, com ampla divulga\u00e7\u00e3o e chamamento da popula\u00e7\u00e3o para fazer sua parte e receber a vacina.<\/p>\n\n\n\n<p>\u201c\u00c9 esse chamado \u00e0 consci\u00eancia social que fa\u00e7o nesse momento, pois n\u00e3o temos ideia de quando a pandemia vai acabar. Mas precisamos nos cercar de tudo que est\u00e1 dispon\u00edvel para preservar as vidas, o bem mais sagrado de todos n\u00f3s.\u201d<\/p>\n","protected":false},"excerpt":{"rendered":"<p>A Prefeitura de Palmas adotou a obrigatoriedade da comprova\u00e7\u00e3o de vacina\u00e7\u00e3o contra a Covid-19 para o ingresso e a perman\u00eancia do p\u00fablico interno e externo nos \u00f3rg\u00e3os e entidades da Administra\u00e7\u00e3o do Munic\u00edpio de Palmas. A medida consta no\u00a0Decreto n\u00ba 2.137, publicado na edi\u00e7\u00e3o desta quinta-feira, 13, do Di\u00e1rio Oficial do Munic\u00edpio (DOM). Com efeito [&hellip;]<\/p>\n","protected":false},"author":2,"featured_media":10283,"comment_status":"open","ping_status":"open","sticky":false,"template":"","format":"standard","meta":[],"categories":[3],"tags":[13],"_links":{"self":[{"href":"https:\/\/dgospel.com.br\/portal\/index.php\/wp-json\/wp\/v2\/posts\/10282"}],"collection":[{"href":"https:\/\/dgospel.com.br\/portal\/index.php\/wp-json\/wp\/v2\/posts"}],"about":[{"href":"https:\/\/dgospel.com.br\/portal\/index.php\/wp-json\/wp\/v2\/types\/post"}],"author":[{"embeddable":true,"href":"https:\/\/dgospel.com.br\/portal\/index.php\/wp-json\/wp\/v2\/users\/2"}],"replies":[{"embeddable":true,"href":"https:\/\/dgospel.com.br\/portal\/index.php\/wp-json\/wp\/v2\/comments?post=10282"}],"version-history":[{"count":1,"href":"https:\/\/dgospel.com.br\/portal\/index.php\/wp-json\/wp\/v2\/posts\/10282\/revisions"}],"predecessor-version":[{"id":10284,"href":"https:\/\/dgospel.com.br\/portal\/index.php\/wp-json\/wp\/v2\/posts\/10282\/revisions\/10284"}],"wp:featuredmedia":[{"embeddable":true,"href":"https:\/\/dgospel.com.br\/portal\/index.php\/wp-json\/wp\/v2\/media\/10283"}],"wp:attachment":[{"href":"https:\/\/dgospel.com.br\/portal\/index.php\/wp-json\/wp\/v2\/media?parent=10282"}],"wp:term":[{"taxonomy":"category","embeddable":true,"href":"https:\/\/dgospel.com.br\/portal\/index.php\/wp-json\/wp\/v2\/categories?post=10282"},{"taxonomy":"post_tag","embeddable":true,"href":"https:\/\/dgospel.com.br\/portal\/index.php\/wp-json\/wp\/v2\/tags?post=10282"}],"curies":[{"name":"wp","href":"https:\/\/api.w.org\/{rel}","templated":true}]}}