{"id":10285,"date":"2022-01-19T13:04:40","date_gmt":"2022-01-19T16:04:40","guid":{"rendered":"http:\/\/dgospel.com.br\/portal\/?p=10285"},"modified":"2022-01-19T13:04:41","modified_gmt":"2022-01-19T16:04:41","slug":"criminosos-abrem-fogo-em-igreja-durante-culto-e-7-pessoas-sao-baleadas","status":"publish","type":"post","link":"https:\/\/dgospel.com.br\/portal\/index.php\/2022\/01\/19\/criminosos-abrem-fogo-em-igreja-durante-culto-e-7-pessoas-sao-baleadas\/","title":{"rendered":"Criminosos abrem fogo em igreja durante culto e 7 pessoas s\u00e3o baleadas"},"content":{"rendered":"\n<p> Dois criminosos invadiram um culto no \u00faltimo domingo, 16 de janeiro, e abriram fogo contra os fi\u00e9is. Sete pessoas foram baleadas, incluindo um beb\u00ea e duas adolescentes. <\/p>\n\n\n\n<p>A Pol\u00edcia Militar, que atendeu \u00e0 ocorr\u00eancia, afirmou que os dois criminosos chegaram ao templo numa moto, efetuaram os&nbsp;<a href=\"https:\/\/noticias.gospelmais.com.br\/massacre-igreja-batista-paracatu-135535.html\"><strong>disparos<\/strong><\/a>&nbsp;e fugiram logo depois. O ataque ocorreu na cidade de C\u00e1ceres, munic\u00edpio a a 250 km de Cuiab\u00e1 (MT).<\/p>\n\n\n\n<p>As v\u00edtimas s\u00e3o Genilza Peixoto Barbosa, 36 anos, Rosiane Batista da Silva Gonsalves, 27 anos, Gilmar Bezerra da Silva, 41 anos, e Jorge Eduardo Ara\u00fajo, 45 anos, al\u00e9m de um beb\u00ea e duas adolescentes de 16 anos, que tiveram suas identidades preservadas.<\/p>\n\n\n\n<p>Testemunhas relataram que um investigador Pol\u00edcia Civil que estava no culto prestou socorro \u00e0s v\u00edtimas, levando algumas delas \u00e0 Unidade de Pronto Atendimento (UPA) pr\u00f3xima \u00e0 igreja em seu carro particular.<\/p>\n\n\n\n<p>De acordo com informa\u00e7\u00f5es do portal&nbsp;<a target=\"_blank\" href=\"https:\/\/g1.globo.com\/mt\/mato-grosso\/noticia\/2022\/01\/17\/cinco-dos-7-baleados-durante-culto-em-igreja-tem-alta-um-deles-segue-em-estado-grave.ghtml\" rel=\"noreferrer noopener\"><em>G1<\/em><\/a>, as demais foram socorridas pela equipe de Resgate do Corpo de Bombeiros e levadas ao Hospital Regional de C\u00e1ceres.<\/p>\n\n\n\n<p>Um dos baleados foi submetido a uma laparotomia, cirurgia que demanda abertura do abd\u00f4men, e est\u00e1 em estado grave. Outra v\u00edtima, agora sob observa\u00e7\u00e3o, teve um dreno inserido no t\u00f3rax pelos m\u00e9dicos devido \u00e0s les\u00f5es.<\/p>\n\n\n\n<p>Na \u00faltima segunda-feira, 17 de janeiro, cinco das sete v\u00edtimas que foram baleadas receberam alta do hospital. As duas v\u00edtimas que seguem internadas testaram positivo para a Covid-19.<\/p>\n\n\n\n<p>A Pol\u00edcia Civil e a Pol\u00edcia T\u00e9cnica (Politec) foram acionadas e fizeram uma per\u00edcia no templo, mas nenhum suspeito foi identificado at\u00e9 o momento.<\/p>\n\n\n\n<p><\/p>\n","protected":false},"excerpt":{"rendered":"<p>Dois criminosos invadiram um culto no \u00faltimo domingo, 16 de janeiro, e abriram fogo contra os fi\u00e9is. Sete pessoas foram baleadas, incluindo um beb\u00ea e duas adolescentes. A Pol\u00edcia Militar, que atendeu \u00e0 ocorr\u00eancia, afirmou que os dois criminosos chegaram ao templo numa moto, efetuaram os&nbsp;disparos&nbsp;e fugiram logo depois. O ataque ocorreu na cidade de [&hellip;]<\/p>\n","protected":false},"author":2,"featured_media":10286,"comment_status":"open","ping_status":"open","sticky":false,"template":"","format":"standard","meta":[],"categories":[5],"tags":[13,14],"_links":{"self":[{"href":"https:\/\/dgospel.com.br\/portal\/index.php\/wp-json\/wp\/v2\/posts\/10285"}],"collection":[{"href":"https:\/\/dgospel.com.br\/portal\/index.php\/wp-json\/wp\/v2\/posts"}],"about":[{"href":"https:\/\/dgospel.com.br\/portal\/index.php\/wp-json\/wp\/v2\/types\/post"}],"author":[{"embeddable":true,"href":"https:\/\/dgospel.com.br\/portal\/index.php\/wp-json\/wp\/v2\/users\/2"}],"replies":[{"embeddable":true,"href":"https:\/\/dgospel.com.br\/portal\/index.php\/wp-json\/wp\/v2\/comments?post=10285"}],"version-history":[{"count":1,"href":"https:\/\/dgospel.com.br\/portal\/index.php\/wp-json\/wp\/v2\/posts\/10285\/revisions"}],"predecessor-version":[{"id":10287,"href":"https:\/\/dgospel.com.br\/portal\/index.php\/wp-json\/wp\/v2\/posts\/10285\/revisions\/10287"}],"wp:featuredmedia":[{"embeddable":true,"href":"https:\/\/dgospel.com.br\/portal\/index.php\/wp-json\/wp\/v2\/media\/10286"}],"wp:attachment":[{"href":"https:\/\/dgospel.com.br\/portal\/index.php\/wp-json\/wp\/v2\/media?parent=10285"}],"wp:term":[{"taxonomy":"category","embeddable":true,"href":"https:\/\/dgospel.com.br\/portal\/index.php\/wp-json\/wp\/v2\/categories?post=10285"},{"taxonomy":"post_tag","embeddable":true,"href":"https:\/\/dgospel.com.br\/portal\/index.php\/wp-json\/wp\/v2\/tags?post=10285"}],"curies":[{"name":"wp","href":"https:\/\/api.w.org\/{rel}","templated":true}]}}