{"id":10288,"date":"2022-01-19T13:10:03","date_gmt":"2022-01-19T16:10:03","guid":{"rendered":"http:\/\/dgospel.com.br\/portal\/?p=10288"},"modified":"2022-01-19T13:10:03","modified_gmt":"2022-01-19T16:10:03","slug":"bolsonaro-apreensao-de-drogas-aumentou-apos-saida-de-moro","status":"publish","type":"post","link":"https:\/\/dgospel.com.br\/portal\/index.php\/2022\/01\/19\/bolsonaro-apreensao-de-drogas-aumentou-apos-saida-de-moro\/","title":{"rendered":"Bolsonaro: Apreens\u00e3o de drogas aumentou ap\u00f3s sa\u00edda de Moro"},"content":{"rendered":"\n<p> Em conversa com apoiadores nesta ter\u00e7a-feira (18), o presidente Jair Bolsonaro (PL) voltou a reclamar da passagem de Sergio Moro pelo Minist\u00e9rio da Justi\u00e7a e da Seguran\u00e7a P\u00fablica. Segundo Bolsonaro, a apreens\u00e3o de entorpecentes aumentou ap\u00f3s o ex-juiz deixar o governo. <\/p>\n\n\n\n<p> \u2013 Olha, depois da sa\u00edda do cara que estava na Justi\u00e7a (n\u00e3o vou falar o nome dele aqui), eu acho que quintuplicou a apreens\u00e3o de drogas \u2013 disse Bolsonaro a eleitores junto \u00e0 porta do Pal\u00e1cio da Alvorada. <\/p>\n\n\n\n<p>Sergio Moro comandou o Minist\u00e9rio da Justi\u00e7a entre janeiro de 2019 e abril de 2020, quando deixou o governo acusando Bolsonaro de tentar interferir na Pol\u00edcia Federal para blindar os filhos de eventuais investiga\u00e7\u00f5es.<\/p>\n\n\n\n<p>Desde que saiu do atual governo, Moro tem sido apontado como pr\u00e9-candidato ao Pal\u00e1cio do Planalto e j\u00e1 confirmou, ele mesmo, sua inten\u00e7\u00e3o de concorrer nas elei\u00e7\u00f5es deste ano. Recentemente, Moro se filiou ao Podemos para colocar em pr\u00e1tica seu projeto de poder.<\/p>\n","protected":false},"excerpt":{"rendered":"<p>Em conversa com apoiadores nesta ter\u00e7a-feira (18), o presidente Jair Bolsonaro (PL) voltou a reclamar da passagem de Sergio Moro pelo Minist\u00e9rio da Justi\u00e7a e da Seguran\u00e7a P\u00fablica. Segundo Bolsonaro, a apreens\u00e3o de entorpecentes aumentou ap\u00f3s o ex-juiz deixar o governo. \u2013 Olha, depois da sa\u00edda do cara que estava na Justi\u00e7a (n\u00e3o vou falar [&hellip;]<\/p>\n","protected":false},"author":2,"featured_media":10289,"comment_status":"open","ping_status":"open","sticky":false,"template":"","format":"standard","meta":[],"categories":[4],"tags":[14],"_links":{"self":[{"href":"https:\/\/dgospel.com.br\/portal\/index.php\/wp-json\/wp\/v2\/posts\/10288"}],"collection":[{"href":"https:\/\/dgospel.com.br\/portal\/index.php\/wp-json\/wp\/v2\/posts"}],"about":[{"href":"https:\/\/dgospel.com.br\/portal\/index.php\/wp-json\/wp\/v2\/types\/post"}],"author":[{"embeddable":true,"href":"https:\/\/dgospel.com.br\/portal\/index.php\/wp-json\/wp\/v2\/users\/2"}],"replies":[{"embeddable":true,"href":"https:\/\/dgospel.com.br\/portal\/index.php\/wp-json\/wp\/v2\/comments?post=10288"}],"version-history":[{"count":1,"href":"https:\/\/dgospel.com.br\/portal\/index.php\/wp-json\/wp\/v2\/posts\/10288\/revisions"}],"predecessor-version":[{"id":10290,"href":"https:\/\/dgospel.com.br\/portal\/index.php\/wp-json\/wp\/v2\/posts\/10288\/revisions\/10290"}],"wp:featuredmedia":[{"embeddable":true,"href":"https:\/\/dgospel.com.br\/portal\/index.php\/wp-json\/wp\/v2\/media\/10289"}],"wp:attachment":[{"href":"https:\/\/dgospel.com.br\/portal\/index.php\/wp-json\/wp\/v2\/media?parent=10288"}],"wp:term":[{"taxonomy":"category","embeddable":true,"href":"https:\/\/dgospel.com.br\/portal\/index.php\/wp-json\/wp\/v2\/categories?post=10288"},{"taxonomy":"post_tag","embeddable":true,"href":"https:\/\/dgospel.com.br\/portal\/index.php\/wp-json\/wp\/v2\/tags?post=10288"}],"curies":[{"name":"wp","href":"https:\/\/api.w.org\/{rel}","templated":true}]}}