{"id":10294,"date":"2022-01-19T13:37:52","date_gmt":"2022-01-19T16:37:52","guid":{"rendered":"http:\/\/dgospel.com.br\/portal\/?p=10294"},"modified":"2022-01-19T13:37:53","modified_gmt":"2022-01-19T16:37:53","slug":"governo-do-tocantins-inicia-ampliacao-de-leitos-covid-19","status":"publish","type":"post","link":"https:\/\/dgospel.com.br\/portal\/index.php\/2022\/01\/19\/governo-do-tocantins-inicia-ampliacao-de-leitos-covid-19\/","title":{"rendered":"Governo do Tocantins inicia amplia\u00e7\u00e3o de leitos covid-19"},"content":{"rendered":"\n<p>Tocantins segue a tend\u00eancia nacional de alta nos \u00edndices de contaminados da covid-19, nos \u00faltimos sete dias, a m\u00e9dia m\u00f3vel do Estado est\u00e1 em 571 casos di\u00e1rios, o que pode representar um aumento da necessidade de leitos exclusivos. Para sanar essa necessidade, a Secretaria de Estado da Sa\u00fade (SES-TO) j\u00e1 disponibilizou mais 25 leitos exclusivos para tratamento da doen\u00e7a, sendo cinco leitos de Unidade de Terapia Intensiva (UTI) em Gurupi, no Hospital Regional; 15 leitos (cinco UTI e dez cl\u00ednicos) em Aragua\u00edna, no Hospital Dom Orione; e mais cinco leitos cl\u00ednicos no Hospital Regional de Miracema do Tocantins.<\/p>\n\n\n\n<p>O secret\u00e1rio de Estado da Sa\u00fade, Afonso Piva, ressalta que gradativamente est\u00e3o sendo ofertados mais leitos. \u201cna medida em que h\u00e1 a necessidade, a Gest\u00e3o Estadual est\u00e1 colocando em opera\u00e7\u00e3o novos leitos. Estamos preparados para uma nova onda, hoje, temos \u00e0 disposi\u00e7\u00e3o da popula\u00e7\u00e3o 230 leitos. Destes, 92 UTIs com ocupa\u00e7\u00e3o de 72% e 138 leitos cl\u00ednicos com \u00edndice de 47% de internados\u201d, e complementa, \u201cno Tocantins, n\u00e3o h\u00e1 fila de espera para este tipo de atendimento, nossa interna\u00e7\u00e3o geral gira em torno de 57% de ocupa\u00e7\u00e3o\u201d.<\/p>\n\n\n\n<p>Afonso Piva relata que, por determina\u00e7\u00e3o do governador em exerc\u00edcio do Tocantins, Wanderlei Barbosa, a Secretaria da Sa\u00fade est\u00e1 atenta a todas as regi\u00f5es do Estado, \u201conde houver a necessidade, vamos abrir novos leitos. Estamos trabalhando em todas as frentes, para que n\u00e3o haja a necessidade de paralisa\u00e7\u00e3o dos servi\u00e7os de sa\u00fade, principalmente das cirurgias eletivas\u201d.<\/p>\n\n\n\n<p><strong>Dados<\/strong><\/p>\n\n\n\n<p>Dados do sistema \u00cdntegra Sa\u00fade demonstram que h\u00e1 um aumento de casos, a m\u00e9dia m\u00f3vel do Tocantins est\u00e1 em 571 casos di\u00e1rios, com preval\u00eancia de casos leves a moderados.<\/p>\n\n\n\n<p>Em contrapartida, os \u00edndices de \u00f3bitos est\u00e3o estabilizados, com tend\u00eancia de queda. Do dia 1\u00b0 de janeiro at\u00e9 o dia 16, foram registrados oito \u00f3bitos, com 11 dias sem registro de mortes no Tocantins. Neste mesmo per\u00edodo, foram confirmados 7.015 casos da doen\u00e7a, \u201co resultado positivo \u00e9 atribu\u00eddo \u00e0 vacina\u00e7\u00e3o da popula\u00e7\u00e3o, que est\u00e1 evitando o agravamento dos casos e \u00f3bitos, consequentemente a necessidade de aparatos hospitalares para interna\u00e7\u00f5es\u201d, celebra o secret\u00e1rio.<\/p>\n\n\n\n<figure class=\"wp-block-image\"><img src=\"https:\/\/central.to.gov.br\/image\/277105?w=670&amp;h=383\" alt=\"\"\/><\/figure>\n\n\n\n<p>Tocantins registra m\u00e9dia de 571 casos novos di\u00e1rios &#8211; Governo do Tocantins\n\n<\/p>\n","protected":false},"excerpt":{"rendered":"<p>Tocantins segue a tend\u00eancia nacional de alta nos \u00edndices de contaminados da covid-19, nos \u00faltimos sete dias, a m\u00e9dia m\u00f3vel do Estado est\u00e1 em 571 casos di\u00e1rios, o que pode representar um aumento da necessidade de leitos exclusivos. Para sanar essa necessidade, a Secretaria de Estado da Sa\u00fade (SES-TO) j\u00e1 disponibilizou mais 25 leitos exclusivos [&hellip;]<\/p>\n","protected":false},"author":2,"featured_media":10295,"comment_status":"open","ping_status":"open","sticky":false,"template":"","format":"standard","meta":[],"categories":[3],"tags":[13],"_links":{"self":[{"href":"https:\/\/dgospel.com.br\/portal\/index.php\/wp-json\/wp\/v2\/posts\/10294"}],"collection":[{"href":"https:\/\/dgospel.com.br\/portal\/index.php\/wp-json\/wp\/v2\/posts"}],"about":[{"href":"https:\/\/dgospel.com.br\/portal\/index.php\/wp-json\/wp\/v2\/types\/post"}],"author":[{"embeddable":true,"href":"https:\/\/dgospel.com.br\/portal\/index.php\/wp-json\/wp\/v2\/users\/2"}],"replies":[{"embeddable":true,"href":"https:\/\/dgospel.com.br\/portal\/index.php\/wp-json\/wp\/v2\/comments?post=10294"}],"version-history":[{"count":1,"href":"https:\/\/dgospel.com.br\/portal\/index.php\/wp-json\/wp\/v2\/posts\/10294\/revisions"}],"predecessor-version":[{"id":10296,"href":"https:\/\/dgospel.com.br\/portal\/index.php\/wp-json\/wp\/v2\/posts\/10294\/revisions\/10296"}],"wp:featuredmedia":[{"embeddable":true,"href":"https:\/\/dgospel.com.br\/portal\/index.php\/wp-json\/wp\/v2\/media\/10295"}],"wp:attachment":[{"href":"https:\/\/dgospel.com.br\/portal\/index.php\/wp-json\/wp\/v2\/media?parent=10294"}],"wp:term":[{"taxonomy":"category","embeddable":true,"href":"https:\/\/dgospel.com.br\/portal\/index.php\/wp-json\/wp\/v2\/categories?post=10294"},{"taxonomy":"post_tag","embeddable":true,"href":"https:\/\/dgospel.com.br\/portal\/index.php\/wp-json\/wp\/v2\/tags?post=10294"}],"curies":[{"name":"wp","href":"https:\/\/api.w.org\/{rel}","templated":true}]}}