{"id":10297,"date":"2022-01-19T13:39:34","date_gmt":"2022-01-19T16:39:34","guid":{"rendered":"http:\/\/dgospel.com.br\/portal\/?p=10297"},"modified":"2022-01-19T13:39:35","modified_gmt":"2022-01-19T16:39:35","slug":"mais-de-250-mil-tocantinenses-nao-tomaram-a-segunda-dose-de-vacina-contra-a-covid-19","status":"publish","type":"post","link":"https:\/\/dgospel.com.br\/portal\/index.php\/2022\/01\/19\/mais-de-250-mil-tocantinenses-nao-tomaram-a-segunda-dose-de-vacina-contra-a-covid-19\/","title":{"rendered":"Mais de 250 mil tocantinenses n\u00e3o tomaram a segunda dose de vacina contra a covid-19"},"content":{"rendered":"\n<p>O levantamento da Secretaria de Estado da Sa\u00fade (SES-TO), por meio do Centro de Informa\u00e7\u00f5es e Decis\u00f5es Estrat\u00e9gicas em Sa\u00fade \u2013 Integra Sa\u00fade, apontou que 252.788 tocantinenses n\u00e3o retornaram aos postos de sa\u00fade para completar o ciclo vacinal contra a covid-19, ou seja, n\u00e3o tomaram a segunda dose dos imunizantes.<\/p>\n\n\n\n<p>Deste quantitativo, 27.997 pessoas n\u00e3o receberam o imunizante CoronaVac, 62.748 da AstraZeneca e 162.043 da vacina Pfizer. Ainda segundo o levantamento, no recorte por idade, os mais faltosos s\u00e3o aqueles que possuem de 12 a 19 anos e de 20 a 29 anos. S\u00e3o 75.535 pessoas com idades entre 12 e 19 anos que n\u00e3o procuraram o sistema de sa\u00fade para receber a segunda dose dos imunizantes contra a covid-19. Al\u00e9m disso, s\u00e3o 67.794 tocantinenses com idades entre 20 e 29 anos que n\u00e3o completaram o esquema vacinal.<\/p>\n\n\n\n<p>\u201cNovamente, precisamos chamar aten\u00e7\u00e3o de toda a popula\u00e7\u00e3o. S\u00e3o dados assustadores e que precisam ser reduzidos urgentemente. Para que isso ocorra, \u00e9 necess\u00e1rio que as pessoas que ainda n\u00e3o receberam a segunda dose da vacina contra a covid-19 procurem os postos de sa\u00fade dos munic\u00edpios. Estamos recebendo as doses com frequ\u00eancia, mas a popula\u00e7\u00e3o n\u00e3o est\u00e1 procurando a imuniza\u00e7\u00e3o. Por consequ\u00eancia, somos obrigados a reabrir leitos de UTI Covid, o que acaba por comprometer a programa\u00e7\u00e3o das cirurgias eletivas\u201d, enfatizou o secret\u00e1rio de Estado da Sa\u00fade, Afonso Piva.<\/p>\n\n\n\n<p>A gerente de imuniza\u00e7\u00e3o da SES-TO, Diandra Sena, ressaltou que, al\u00e9m de receber segunda dose, \u00e9 importante que a popula\u00e7\u00e3o tamb\u00e9m tome a dose de refor\u00e7o contra a covid-19. \u201cAl\u00e9m da segunda dose, lembramos que j\u00e1 temos a terceira dose &#8211; de refor\u00e7o &#8211; que pode ser feita ap\u00f3s quatro meses, preferencialmente com o imunizante da Pfizer\u201d, explicou.<\/p>\n\n\n\n<p><strong>Vacina\u00e7\u00e3o<\/strong><\/p>\n\n\n\n<p>Ap\u00f3s um m\u00eas de instabilidade, causada ap\u00f3s ataque&nbsp;<em>hacker<\/em>&nbsp;ao sistema do Minist\u00e9rio da Sa\u00fade, o Vacin\u00f4metro &#8211; ligado ao Sistema Nacional de Vacina\u00e7\u00e3o &#8211; voltou a funcionar nesta ter\u00e7a-feira, 18. O Tocantins j\u00e1 imunizou 54,07% da popula\u00e7\u00e3o. Foram 2.706.655 de doses de vacinas contra covid-19 recebidas e 2.064.324 aplicadas.<\/p>\n","protected":false},"excerpt":{"rendered":"<p>O levantamento da Secretaria de Estado da Sa\u00fade (SES-TO), por meio do Centro de Informa\u00e7\u00f5es e Decis\u00f5es Estrat\u00e9gicas em Sa\u00fade \u2013 Integra Sa\u00fade, apontou que 252.788 tocantinenses n\u00e3o retornaram aos postos de sa\u00fade para completar o ciclo vacinal contra a covid-19, ou seja, n\u00e3o tomaram a segunda dose dos imunizantes. Deste quantitativo, 27.997 pessoas n\u00e3o [&hellip;]<\/p>\n","protected":false},"author":2,"featured_media":10298,"comment_status":"open","ping_status":"open","sticky":false,"template":"","format":"standard","meta":[],"categories":[3],"tags":[13],"_links":{"self":[{"href":"https:\/\/dgospel.com.br\/portal\/index.php\/wp-json\/wp\/v2\/posts\/10297"}],"collection":[{"href":"https:\/\/dgospel.com.br\/portal\/index.php\/wp-json\/wp\/v2\/posts"}],"about":[{"href":"https:\/\/dgospel.com.br\/portal\/index.php\/wp-json\/wp\/v2\/types\/post"}],"author":[{"embeddable":true,"href":"https:\/\/dgospel.com.br\/portal\/index.php\/wp-json\/wp\/v2\/users\/2"}],"replies":[{"embeddable":true,"href":"https:\/\/dgospel.com.br\/portal\/index.php\/wp-json\/wp\/v2\/comments?post=10297"}],"version-history":[{"count":1,"href":"https:\/\/dgospel.com.br\/portal\/index.php\/wp-json\/wp\/v2\/posts\/10297\/revisions"}],"predecessor-version":[{"id":10299,"href":"https:\/\/dgospel.com.br\/portal\/index.php\/wp-json\/wp\/v2\/posts\/10297\/revisions\/10299"}],"wp:featuredmedia":[{"embeddable":true,"href":"https:\/\/dgospel.com.br\/portal\/index.php\/wp-json\/wp\/v2\/media\/10298"}],"wp:attachment":[{"href":"https:\/\/dgospel.com.br\/portal\/index.php\/wp-json\/wp\/v2\/media?parent=10297"}],"wp:term":[{"taxonomy":"category","embeddable":true,"href":"https:\/\/dgospel.com.br\/portal\/index.php\/wp-json\/wp\/v2\/categories?post=10297"},{"taxonomy":"post_tag","embeddable":true,"href":"https:\/\/dgospel.com.br\/portal\/index.php\/wp-json\/wp\/v2\/tags?post=10297"}],"curies":[{"name":"wp","href":"https:\/\/api.w.org\/{rel}","templated":true}]}}