{"id":10303,"date":"2022-01-19T13:45:20","date_gmt":"2022-01-19T16:45:20","guid":{"rendered":"http:\/\/dgospel.com.br\/portal\/?p=10303"},"modified":"2022-01-19T13:45:21","modified_gmt":"2022-01-19T16:45:21","slug":"casa-de-apoio-do-governo-do-tocantins-atende-mais-de-177-mil-pacientes-e-acompanhantes-em-2021","status":"publish","type":"post","link":"https:\/\/dgospel.com.br\/portal\/index.php\/2022\/01\/19\/casa-de-apoio-do-governo-do-tocantins-atende-mais-de-177-mil-pacientes-e-acompanhantes-em-2021\/","title":{"rendered":"Casa de Apoio do Governo do Tocantins atende mais de 17,7 mil pacientes e acompanhantes em 2021"},"content":{"rendered":"\n<p>\u201cSomente em 2021 foram mais de 17 mil pessoas que receberam o afago da equipe da Casa de Apoio, no momento em que estavam vulner\u00e1veis e muitas vezes impossibilitados de lidar com outras quest\u00f5es. O Governo do Tocantins tem uma aten\u00e7\u00e3o especial para esta institui\u00e7\u00e3o que recebe os tocantinenses de todas as regi\u00f5es em momentos de grande afli\u00e7\u00e3o e de cuidados com a sa\u00fade; e busca recebe-los e confort\u00e1-los, promovendo estadia, alimenta\u00e7\u00e3o adequada, e esperan\u00e7a, para que possam cuidar exclusivamente de sua sa\u00fade\u201d, afirmou o gestor da Secretaria Estadual do Trabalho e Desenvolvimento Social (Setas), Jos\u00e9 Messias Ara\u00fajo.<\/p>\n\n\n\n<p>A Casa de Apoio Vera L\u00facia Paganni \u00e9 uma institui\u00e7\u00e3o gerida pelo Governo do Tocantins, por meio da Setas, e tem o objetivo de receber os pacientes de hospitais p\u00fablicos de Palmas e tamb\u00e9m seus acompanhantes, que vem do interior do estado e de outros lugares do pais e que n\u00e3o tem onde se hospedar. A Casa fornece tamb\u00e9m quatro refei\u00e7\u00f5es balanceadas di\u00e1rias e apoio psicol\u00f3gico.<\/p>\n\n\n\n<p>A gerente da institui\u00e7\u00e3o, Elis\u00e2ngela Sardinha, falou sobre a import\u00e2ncia da Casa de Apoio para os tocantinenses em tratamento que precisam de hospedagem. \u201cProcuramos fazer daqui um ambiente de tranquilidade e conforto para receber as pessoas que passam por momentos de desequil\u00edbrio em sua sa\u00fade. Muitos chegam acreditando que voltam logo para seus lares e, por conta dos tratamentos, precisam ficar meses e at\u00e9 anos hospedados na Casa. E para cada um desses h\u00f3spedes damos nossa aten\u00e7\u00e3o especial e compartilhamos de seus avan\u00e7os em dire\u00e7\u00e3o \u00e0 cura\u201d, ressaltou.<\/p>\n\n\n\n<p><strong>Atendimentos em 2021<\/strong><\/p>\n\n\n\n<p>De janeiro a dezembro de 2021 a institui\u00e7\u00e3o atendeu 17.774 pacientes e acompanhantes e serviu 25 mil refei\u00e7\u00f5es, entre almo\u00e7o e jantar. A Casa fica localizada a 200 metros do Hospital Geral de Palmas (HGP) e tem a capacidade de atender at\u00e9 126 h\u00f3spedes diariamente, e todos os servi\u00e7os prestados s\u00e3o gratuitos e ofertados com excel\u00eancia.<\/p>\n\n\n\n<p>Os pacientes hospedados na institui\u00e7\u00e3o quando recebem a not\u00edcia de sucesso no tratamento tocam o sino da Casa de Apoio para anunciar o final daquele ciclo e o retorno para seu lar e sua fam\u00edlia. A gerente Elis\u00e2ngela Sardinha explicou que ouvir tocar o sino na Casa de Apoio traz alegria para todos; \u201cpara n\u00f3s por saber que mais uma pessoa venceu suas dificuldades e para o paciente por conseguir se curar e poder retornar para sua resid\u00eancia e seus familiares\u201d.&nbsp;<\/p>\n\n\n\n<p>A paciente e h\u00f3spede Isabel Cristina Soares, 48 anos, moradora de Lagoa da Confus\u00e3o, ficou hospedada na Casa de Apoio por aproximadamente dois meses. Em outubro ela tocou o sino da Casa de Apoio, e falou como se sentiu acolhida na institui\u00e7\u00e3o.&nbsp; \u201cAqui tive tudo; amigos de quarto, compreens\u00e3o, amor e carinho. A Casa de Apoio foi muito importante nesse momento, porque eu n\u00e3o teria condi\u00e7\u00f5es de ficar indo e voltando para a minha cidade at\u00e9 terminar o tratamento\u201d, afirmou.&nbsp;<\/p>\n\n\n\n<p>Francisca da Chagas Silva esteve hospedada na Casa por dois meses, em julho e agosto de 2021; ela veio do Piau\u00ed para acompanhar o filho que fez cirurgia na cabe\u00e7a. \u201cQuando vim para c\u00e1 n\u00e3o sabia onde ia ficar e fui encaminhada pelas assistentes sociais para a Casa de Apoio. O atendimento \u00e9 muito bom e n\u00e3o falta nada para n\u00f3s\u201d, pontuou.<\/p>\n\n\n\n<p>Lucineide Souza Jorge de Coelho, moradora de Pindorama, a 215 km da Capital, acompanhou seu filho, de tr\u00eas anos, que esteve hospitalizado no HGP e tamb\u00e9m se hospedou na Casa de Apoio. \u201cAqui \u00e9 um lugar tranquilo para ficar e o hospital \u00e9 bem pertinho, o que facilita, pois d\u00e1 para ir e voltar a p\u00e9\u201d, destacou.&nbsp;<\/p>\n\n\n\n<p><strong>Estrutura f\u00edsica<\/strong><\/p>\n\n\n\n<p>As instala\u00e7\u00f5es s\u00e3o equipadas com mais de 120 leitos, beliches, ar-condicionado, ventiladores, cozinha, brinquedoteca, sala interdisciplinar, parquinho, \u00e1rea de conviv\u00eancia social e capela.<\/p>\n\n\n\n<p><strong>Voluntariado<\/strong><\/p>\n\n\n\n<p>Al\u00e9m do custeio cont\u00ednuo do Governo do Tocantins, a Casa de Apoio tamb\u00e9m conta com doa\u00e7\u00f5es e a\u00e7\u00f5es volunt\u00e1rias de amparo emocional e espiritual para seus h\u00f3spedes. Algumas das necessidades constantes dos usu\u00e1rios s\u00e3o roupas, cal\u00e7ados fechados (exig\u00eancia dos hospitais), itens de higiene pessoal e alimenta\u00e7\u00e3o complementar.<\/p>\n\n\n\n<p>Os interessados em conhecer a Casa e se tornar parceiros podem entrar em contato pelo telefone (63) 3218-2465.<\/p>\n\n\n\n<figure class=\"wp-block-image\"><img src=\"https:\/\/central.to.gov.br\/image\/277234?w=670&amp;h=383\" alt=\"\"\/><\/figure>\n\n\n\n<p>Casa fica localizada a 200 metros do Hospital Geral de Palmas &#8211; Carlessandro Souza\/Governo do Tocantins<\/p>\n\n\n\n<figure class=\"wp-block-image\"><img src=\"https:\/\/central.to.gov.br\/image\/277235?w=670&amp;h=383\" alt=\"\"\/><\/figure>\n\n\n\n<p>Francisca da Chagas Silva esteve hospedada na Casa por dois meses, em julho e agosto de 2021 &#8211; Carlessandro Souza\/Governo do Tocantins\u00a0<\/p>\n\n\n\n<figure class=\"wp-block-image\"><img src=\"https:\/\/central.to.gov.br\/image\/277236?w=670&amp;h=383\" alt=\"\"\/><\/figure>\n\n\n\n<p>Interessados em conhecer a Casa e se tornar parceiros podem entrar em contato pelo telefone (63) 3218-2465 &#8211; Carlessandro Souza\/Governo do Tocantins&nbsp;\n\n<\/p>\n","protected":false},"excerpt":{"rendered":"<p>\u201cSomente em 2021 foram mais de 17 mil pessoas que receberam o afago da equipe da Casa de Apoio, no momento em que estavam vulner\u00e1veis e muitas vezes impossibilitados de lidar com outras quest\u00f5es. O Governo do Tocantins tem uma aten\u00e7\u00e3o especial para esta institui\u00e7\u00e3o que recebe os tocantinenses de todas as regi\u00f5es em momentos [&hellip;]<\/p>\n","protected":false},"author":2,"featured_media":10304,"comment_status":"open","ping_status":"open","sticky":false,"template":"","format":"standard","meta":[],"categories":[3],"tags":[13],"_links":{"self":[{"href":"https:\/\/dgospel.com.br\/portal\/index.php\/wp-json\/wp\/v2\/posts\/10303"}],"collection":[{"href":"https:\/\/dgospel.com.br\/portal\/index.php\/wp-json\/wp\/v2\/posts"}],"about":[{"href":"https:\/\/dgospel.com.br\/portal\/index.php\/wp-json\/wp\/v2\/types\/post"}],"author":[{"embeddable":true,"href":"https:\/\/dgospel.com.br\/portal\/index.php\/wp-json\/wp\/v2\/users\/2"}],"replies":[{"embeddable":true,"href":"https:\/\/dgospel.com.br\/portal\/index.php\/wp-json\/wp\/v2\/comments?post=10303"}],"version-history":[{"count":1,"href":"https:\/\/dgospel.com.br\/portal\/index.php\/wp-json\/wp\/v2\/posts\/10303\/revisions"}],"predecessor-version":[{"id":10305,"href":"https:\/\/dgospel.com.br\/portal\/index.php\/wp-json\/wp\/v2\/posts\/10303\/revisions\/10305"}],"wp:featuredmedia":[{"embeddable":true,"href":"https:\/\/dgospel.com.br\/portal\/index.php\/wp-json\/wp\/v2\/media\/10304"}],"wp:attachment":[{"href":"https:\/\/dgospel.com.br\/portal\/index.php\/wp-json\/wp\/v2\/media?parent=10303"}],"wp:term":[{"taxonomy":"category","embeddable":true,"href":"https:\/\/dgospel.com.br\/portal\/index.php\/wp-json\/wp\/v2\/categories?post=10303"},{"taxonomy":"post_tag","embeddable":true,"href":"https:\/\/dgospel.com.br\/portal\/index.php\/wp-json\/wp\/v2\/tags?post=10303"}],"curies":[{"name":"wp","href":"https:\/\/api.w.org\/{rel}","templated":true}]}}