{"id":10307,"date":"2022-01-19T17:37:58","date_gmt":"2022-01-19T20:37:58","guid":{"rendered":"http:\/\/dgospel.com.br\/portal\/?p=10307"},"modified":"2022-01-19T17:37:59","modified_gmt":"2022-01-19T20:37:59","slug":"brasil-deixara-de-ter-maioria-catolica-ainda-este-ano-aponta-especialista","status":"publish","type":"post","link":"https:\/\/dgospel.com.br\/portal\/index.php\/2022\/01\/19\/brasil-deixara-de-ter-maioria-catolica-ainda-este-ano-aponta-especialista\/","title":{"rendered":"Brasil deixar\u00e1 de ter maioria cat\u00f3lica ainda este ano, aponta especialista"},"content":{"rendered":"\n<p>Pesquisas indicam que o Brasil est\u00e1 prestes a se tornar uma&nbsp;<a href=\"https:\/\/guiame.com.br\/gospel\/mundo-cristao\/brasil-tera-maioria-evangelica-em-2020-segundo-estatisticas.html\"><strong>minoria cat\u00f3lica<\/strong><\/a>&nbsp;ainda este ano, de acordo com especialistas.&nbsp;<\/p>\n\n\n\n<p>De acordo com Francis X. Rocca, Luciana Magalh\u00e3es e Samantha Pearson, tr\u00eas jornalistas do Wall Street Journal, o decl\u00ednio do catolicismo no Brasil e em toda a Am\u00e9rica Latina \u00e9 definitivo.\u00a0<\/p>\n\n\n\n<p>De acordo com uma pesquisa de janeiro de 2020 do instituto Datafolha, a propor\u00e7\u00e3o de cat\u00f3licos no Brasil correspondia a 51%, enquanto o&nbsp;<a href=\"https:\/\/guiame.com.br\/gospel\/noticias\/brasil-e-o-quarto-pais-com-mais-cristaos-evangelicos-aponta-pesquisa.html\"><strong>percentual de evang\u00e9licos<\/strong><\/a>&nbsp;cresceu para 31%. A posi\u00e7\u00e3o de pa\u00eds majoritariamente cat\u00f3lico, no entanto, est\u00e1 prestes a desaparecer.<\/p>\n\n\n\n<p>No Rio de Janeiro, isso j\u00e1 aconteceu. Os cat\u00f3licos representam 46% da popula\u00e7\u00e3o, de acordo com o \u00faltimo censo nacional de 2010, e pouco mais de um ter\u00e7o de algumas favelas pobres.<\/p>\n\n\n\n<p>\u201cO Vaticano est\u00e1 perdendo o maior pa\u00eds cat\u00f3lico do mundo \u2013 \u00e9 uma perda enorme, irrevers\u00edvel\u201d, disse Jos\u00e9 Eust\u00e1quio Diniz Alves, um importante dem\u00f3grafo brasileiro e pesquisador titular do Instituto Brasileiro de Geografia e Estat\u00edstica (IBGE), falando ao WSJ.&nbsp;<\/p>\n\n\n\n<p>No ritmo atual, ele estima que os cat\u00f3licos representar\u00e3o menos de 50% de todos os brasileiros at\u00e9 o in\u00edcio de julho.<\/p>\n\n\n\n<p>Os cat\u00f3licos j\u00e1 eram minoria em sete pa\u00edses da regi\u00e3o, como Uruguai, Rep\u00fablica Dominicana e cinco na Am\u00e9rica Central, de acordo com uma pesquisa feita em 2018 pelo Latinobar\u00f3metro, um instituto de pesquisa com sede no Chile.&nbsp;<\/p>\n\n\n\n<p>A Am\u00e9rica Latina e o Caribe abrigam 41% dos cat\u00f3licos do mundo, segundo o Vaticano. As estimativas de quantos latino-americanos permanecem cat\u00f3licos variam, mas todos os lados concordam que as porcentagens est\u00e3o caindo.&nbsp;<\/p>\n\n\n\n<p>De acordo com uma pesquisa do Pew Research Center, 69% dos latino-americanos eram cat\u00f3licos em 2014, embora 84% tivessem sido criados na Igreja Cat\u00f3lica. Enquanto isso, 19% por cento dos latino-americanos se identificaram como protestantes. Destes, 65% se identificaram como pentecostais.&nbsp;<\/p>\n\n\n\n<figure class=\"wp-block-image\"><img src=\"https:\/\/thumbor.guiame.com.br\/unsafe\/smart\/https:\/\/media.guiame.com.br\/archives\/2022\/01\/19\/2836574842-.jpeg\" alt=\"\"\/><\/figure>\n\n\n\n<p><br><sup>Os evang\u00e9licos s\u00e3o o grupo religioso que mais cresce no Brasil. (Foto: Igreja Batista Atitude)<\/sup><\/p>\n\n\n\n<p>Entre 1970 e 2020, o n\u00famero de pentecostais no Brasil cresceu de 6,8 milh\u00f5es para 46,7 milh\u00f5es, segundo o World Christian Database. Na Guatemala, eles cresceram mais de dez vezes, de menos de 196.000 para 2,9 milh\u00f5es.<\/p>\n\n\n\n<p>De acordo com a pesquisa Pew de 2014, a maioria dos ex-cat\u00f3licos na Am\u00e9rica Latina justificam sua mudan\u00e7a de f\u00e9 por uma conex\u00e3o mais pessoal com Deus \u2014 algo que foi citado por 81% dos entrevistados. Quase seis em cada 10 disseram que deixaram o catolicismo porque encontraram \u201cuma igreja que ajuda mais os membros\u201d.<\/p>\n\n\n\n<p>\u00c9 o caso de Tatiana Aparecida de Jesus, uma ex-prostituta e ex-viciada em crack, que no ano passado se juntou a uma pequena igreja pentecostal no centro do Rio, e deixou sua antiga vida para tr\u00e1s.<\/p>\n\n\n\n<p>\u201cO pastor me abra\u00e7ou sem pedir nada\u201d, disse Maria de Jesus, de 41 anos, que foi criada como cat\u00f3lica e passou a ser evang\u00e9lica .\u201cQuando voc\u00ea \u00e9 pobre, faz muita diferen\u00e7a quando algu\u00e9m apenas te diz &#8216;bom dia&#8217;, &#8216;boa tarde&#8217; ou aperta sua m\u00e3o\u201d.<\/p>\n","protected":false},"excerpt":{"rendered":"<p>Pesquisas indicam que o Brasil est\u00e1 prestes a se tornar uma&nbsp;minoria cat\u00f3lica&nbsp;ainda este ano, de acordo com especialistas.&nbsp; De acordo com Francis X. Rocca, Luciana Magalh\u00e3es e Samantha Pearson, tr\u00eas jornalistas do Wall Street Journal, o decl\u00ednio do catolicismo no Brasil e em toda a Am\u00e9rica Latina \u00e9 definitivo.\u00a0 De acordo com uma pesquisa de [&hellip;]<\/p>\n","protected":false},"author":2,"featured_media":10308,"comment_status":"open","ping_status":"open","sticky":false,"template":"","format":"standard","meta":[],"categories":[5],"tags":[14],"_links":{"self":[{"href":"https:\/\/dgospel.com.br\/portal\/index.php\/wp-json\/wp\/v2\/posts\/10307"}],"collection":[{"href":"https:\/\/dgospel.com.br\/portal\/index.php\/wp-json\/wp\/v2\/posts"}],"about":[{"href":"https:\/\/dgospel.com.br\/portal\/index.php\/wp-json\/wp\/v2\/types\/post"}],"author":[{"embeddable":true,"href":"https:\/\/dgospel.com.br\/portal\/index.php\/wp-json\/wp\/v2\/users\/2"}],"replies":[{"embeddable":true,"href":"https:\/\/dgospel.com.br\/portal\/index.php\/wp-json\/wp\/v2\/comments?post=10307"}],"version-history":[{"count":1,"href":"https:\/\/dgospel.com.br\/portal\/index.php\/wp-json\/wp\/v2\/posts\/10307\/revisions"}],"predecessor-version":[{"id":10309,"href":"https:\/\/dgospel.com.br\/portal\/index.php\/wp-json\/wp\/v2\/posts\/10307\/revisions\/10309"}],"wp:featuredmedia":[{"embeddable":true,"href":"https:\/\/dgospel.com.br\/portal\/index.php\/wp-json\/wp\/v2\/media\/10308"}],"wp:attachment":[{"href":"https:\/\/dgospel.com.br\/portal\/index.php\/wp-json\/wp\/v2\/media?parent=10307"}],"wp:term":[{"taxonomy":"category","embeddable":true,"href":"https:\/\/dgospel.com.br\/portal\/index.php\/wp-json\/wp\/v2\/categories?post=10307"},{"taxonomy":"post_tag","embeddable":true,"href":"https:\/\/dgospel.com.br\/portal\/index.php\/wp-json\/wp\/v2\/tags?post=10307"}],"curies":[{"name":"wp","href":"https:\/\/api.w.org\/{rel}","templated":true}]}}