{"id":10317,"date":"2022-01-24T16:43:50","date_gmt":"2022-01-24T19:43:50","guid":{"rendered":"http:\/\/dgospel.com.br\/portal\/?p=10317"},"modified":"2022-01-24T16:43:50","modified_gmt":"2022-01-24T19:43:50","slug":"governador-wanderlei-barbosa-reforca-pacote-de-obras-em-rodovias-tocantinenses-para-melhorar-escoamento-de-graos","status":"publish","type":"post","link":"https:\/\/dgospel.com.br\/portal\/index.php\/2022\/01\/24\/governador-wanderlei-barbosa-reforca-pacote-de-obras-em-rodovias-tocantinenses-para-melhorar-escoamento-de-graos\/","title":{"rendered":"Governador Wanderlei Barbosa refor\u00e7a pacote de obras em rodovias tocantinenses para melhorar escoamento de gr\u00e3os"},"content":{"rendered":"\n<p>O governador em exerc\u00edcio do Estado do Tocantins, Wanderlei Barbosa, participou na manh\u00e3 desta sexta-feira, 21, da 12\u00aa Jornada Tecnol\u00f3gica de Pedro Afonso e Regi\u00e3o, e assegurou para produtores e empres\u00e1rios, o compromisso do Governo em investir na constru\u00e7\u00e3o e na recupera\u00e7\u00e3o da malha asf\u00e1ltica em todo o Estado. O evento, realizado pela Cooperativa Agroindustrial do Tocantins (Coapa), ocorreu na Fazenda Uru\u00e7u, com foco no aumento da produtividade da variedade da soja.<\/p>\n\n\n\n<p>\u201cN\u00e3o fujo da minha responsabilidade de governante. Nesta estrada, a TO-010, vamos dar condi\u00e7\u00f5es de tr\u00e1fego. N\u00e3o s\u00f3 aqui, tem a Transcolinas e outras rodovias por todo o Estado. Estamos licitando v\u00e1rias obras de estradas, pois s\u00f3 tapar buraco n\u00e3o resolve, ser\u00e1 preciso arrancar a malha vi\u00e1ria antiga e colocar outra nova. Esses caminh\u00f5es para escoamento s\u00e3o pesados, temos que ter estradas de qualidade, que suportem esse impacto\u201d, destacou o governador Wanderlei Barbosa.<\/p>\n\n\n\n<p>O Governador destacou algumas obras que ser\u00e3o realizadas em breve pelo Governo do Tocantins. \u201cDe Santa Maria a Bom Jesus, vamos arrumar a estrada; de Santa Maria a Centen\u00e1rio, de Santa Maria a Recursol\u00e2ndia, de Tupiratins a Itacaj\u00e1, vamos recuperar diversos trechos e construir novos. Nosso objetivo \u00e9 melhorar a malha asf\u00e1ltica para que o setor produtivo possa fazer com seguran\u00e7a o escoamento da sua produ\u00e7\u00e3o. Podem contar com nosso Governo e com nossa disposi\u00e7\u00e3o. N\u00f3s queremos aumentar a safra, a produ\u00e7\u00e3o e a gera\u00e7\u00e3o de emprego aos tocantinenses\u201d, pontuou Wanderlei Barbosa.<\/p>\n\n\n\n<p>O presidente da Coapa, Ricardo Khouri, fez uma sugest\u00e3o ao Executivo Estadual. \u201c\u00c9 preciso criar um plano estrat\u00e9gico correto e inteligente para conserva\u00e7\u00e3o das estradas vicinais do Estado. N\u00e3o d\u00e1 para escoar e ficar consertando as estradas\u201d.<\/p>\n\n\n\n<p>O titular da Secretaria de Estado da Agricultura, Pecu\u00e1ria e Aquicultura (Seagro), Jaime Caf\u00e9, afirmou que o Governador deu a liberdade para trabalhar as pol\u00edticas de desenvolvimento da soja, do milho, do arroz, do boi e do leite. \u201cTudo aquilo que \u00e9 importante para fazer com que as pequenas cidades produzam e fa\u00e7am chegar \u00e0 mesa das fam\u00edlias brasileiras, n\u00f3s precisamos fazer, dar o apoio necess\u00e1rio ao produtor. Seja na quest\u00e3o tribut\u00e1ria ou na infraestrutura, o Governo tem condi\u00e7\u00f5es de fazer e tem um gestor disposto a fazer\u201d, destacou.<\/p>\n\n\n\n<p><strong>Presen\u00e7as<\/strong><\/p>\n\n\n\n<p>Na Jornada Tecnol\u00f3gica, estavam presentes os secret\u00e1rios de Governo, C\u00e9sar Halum; da Infraestrutura, Cidades e Habita\u00e7\u00e3o, Jairo Mariano; da Seguran\u00e7a P\u00fablica, Wlademir Costa; o comandante-geral do Corpo de Bombeiros, coronel Carlos Eduardo Farias; os prefeitos de Tupirama, Ormando Brito; Araguatins, Aquiles da Areia; de Pedro Afonso, Joaquim Pinheiro; e os deputados estaduais Vilmar de Oliveira e Vanda Monteiro.<\/p>\n\n\n\n<figure class=\"wp-block-image\"><img src=\"https:\/\/central.to.gov.br\/image\/277544?w=670&amp;h=383\" alt=\"\"\/><\/figure>\n\n\n\n<p>O evento, realizado pela Coapa, ocorreu na Fazenda Uru\u00e7u, com foco no aumento da produtividade da variedade da soja &#8211; Ant\u00f4nio Gon\u00e7alves\/Governo do Tocantins<\/p>\n\n\n\n<figure class=\"wp-block-image\"><img src=\"https:\/\/central.to.gov.br\/image\/277543?w=670&amp;h=383\" alt=\"\"\/><\/figure>\n\n\n\n<p>Governador Wanderlei Barbosa participou da 12\u00aa Jornada Tecnol\u00f3gica de Pedro Afonso e regi\u00e3o, realizada pela Coapa &#8211; Ant\u00f4nio Gon\u00e7alves\/Governo do Tocantins&nbsp;\n\n<\/p>\n","protected":false},"excerpt":{"rendered":"<p>O governador em exerc\u00edcio do Estado do Tocantins, Wanderlei Barbosa, participou na manh\u00e3 desta sexta-feira, 21, da 12\u00aa Jornada Tecnol\u00f3gica de Pedro Afonso e Regi\u00e3o, e assegurou para produtores e empres\u00e1rios, o compromisso do Governo em investir na constru\u00e7\u00e3o e na recupera\u00e7\u00e3o da malha asf\u00e1ltica em todo o Estado. O evento, realizado pela Cooperativa Agroindustrial [&hellip;]<\/p>\n","protected":false},"author":2,"featured_media":10318,"comment_status":"open","ping_status":"open","sticky":false,"template":"","format":"standard","meta":[],"categories":[3],"tags":[13],"_links":{"self":[{"href":"https:\/\/dgospel.com.br\/portal\/index.php\/wp-json\/wp\/v2\/posts\/10317"}],"collection":[{"href":"https:\/\/dgospel.com.br\/portal\/index.php\/wp-json\/wp\/v2\/posts"}],"about":[{"href":"https:\/\/dgospel.com.br\/portal\/index.php\/wp-json\/wp\/v2\/types\/post"}],"author":[{"embeddable":true,"href":"https:\/\/dgospel.com.br\/portal\/index.php\/wp-json\/wp\/v2\/users\/2"}],"replies":[{"embeddable":true,"href":"https:\/\/dgospel.com.br\/portal\/index.php\/wp-json\/wp\/v2\/comments?post=10317"}],"version-history":[{"count":1,"href":"https:\/\/dgospel.com.br\/portal\/index.php\/wp-json\/wp\/v2\/posts\/10317\/revisions"}],"predecessor-version":[{"id":10319,"href":"https:\/\/dgospel.com.br\/portal\/index.php\/wp-json\/wp\/v2\/posts\/10317\/revisions\/10319"}],"wp:featuredmedia":[{"embeddable":true,"href":"https:\/\/dgospel.com.br\/portal\/index.php\/wp-json\/wp\/v2\/media\/10318"}],"wp:attachment":[{"href":"https:\/\/dgospel.com.br\/portal\/index.php\/wp-json\/wp\/v2\/media?parent=10317"}],"wp:term":[{"taxonomy":"category","embeddable":true,"href":"https:\/\/dgospel.com.br\/portal\/index.php\/wp-json\/wp\/v2\/categories?post=10317"},{"taxonomy":"post_tag","embeddable":true,"href":"https:\/\/dgospel.com.br\/portal\/index.php\/wp-json\/wp\/v2\/tags?post=10317"}],"curies":[{"name":"wp","href":"https:\/\/api.w.org\/{rel}","templated":true}]}}