{"id":10320,"date":"2022-01-24T16:46:00","date_gmt":"2022-01-24T19:46:00","guid":{"rendered":"http:\/\/dgospel.com.br\/portal\/?p=10320"},"modified":"2022-01-24T16:46:01","modified_gmt":"2022-01-24T19:46:01","slug":"governo-do-tocantins-notifica-fundacao-pro-rim-para-retorno-imediato-dos-servicos","status":"publish","type":"post","link":"https:\/\/dgospel.com.br\/portal\/index.php\/2022\/01\/24\/governo-do-tocantins-notifica-fundacao-pro-rim-para-retorno-imediato-dos-servicos\/","title":{"rendered":"Governo do Tocantins notifica Funda\u00e7\u00e3o Pr\u00f3-Rim para retorno imediato dos servi\u00e7os"},"content":{"rendered":"\n<p>O Governo do Tocantins notificou e fez Boletim de Ocorr\u00eancia (BO), nesse s\u00e1bado, 22, contra a Funda\u00e7\u00e3o Pr\u00f3-Rim, prestadora de servi\u00e7os da Secretaria de Sa\u00fade do Tocantins (SES-TO), por se recusar a fazer novas admiss\u00f5es de pacientes para tratamento ambulat\u00f3rio de hemodi\u00e1lise em Palmas e Gurupi. A Notifica\u00e7\u00e3o n\u00b0 5\/2022\/SES\/SPAS\/DCA SGD: 2022\/30559\/011151 e o BO&nbsp;2022\/0000040791-8 solicitam o cumprimento integral dos Contratos n\u00b0 003\/2019 e n\u00b0 057\/2017.<\/p>\n\n\n\n<p>Na notifica\u00e7\u00e3o, o Governo solicita que a Funda\u00e7\u00e3o \u201cretome imediatamente os servi\u00e7os, em conformidade com as cl\u00e1usulas contratuais, a contar da data do recebimento desta, sob pena de rescis\u00e3o contratual; que sempre adote mecanismos para atendimento das demandas da Secretaria da Sa\u00fade do Tocantins, conforme o contrato, sob pena de responsabilidades no \u00e2mbito administrativo, c\u00edvel e penal; caso queira, em obedi\u00eancia ao contradit\u00f3rio e a ampla defesa, apresente defesa quanto \u00e0s eventuais puni\u00e7\u00f5es previstas em lei, instrumento de contrato, no prazo m\u00e1ximo e improrrog\u00e1vel de 24 horas, a contar da data do recebimento desta, sob pena de revelia&#8221;.<\/p>\n\n\n\n<p>Pelo contrato, a Pr\u00f3-Rim dever\u00e1 ofertar 42 cadeiras de hemodi\u00e1lise para pacientes cr\u00f4nicos. Atualmente, o Estado tem 233 pacientes cr\u00f4nicos em tratamento e 39 cadeiras ofertadas. \u00c9 importante destacar que cada cadeira para paciente cr\u00f4nico ambulatorial atende at\u00e9 seis pessoas. Portanto, a Secretaria tem contrato que atende a demanda existente, basta que a empresa cumpra sua parte contratual.<\/p>\n","protected":false},"excerpt":{"rendered":"<p>O Governo do Tocantins notificou e fez Boletim de Ocorr\u00eancia (BO), nesse s\u00e1bado, 22, contra a Funda\u00e7\u00e3o Pr\u00f3-Rim, prestadora de servi\u00e7os da Secretaria de Sa\u00fade do Tocantins (SES-TO), por se recusar a fazer novas admiss\u00f5es de pacientes para tratamento ambulat\u00f3rio de hemodi\u00e1lise em Palmas e Gurupi. A Notifica\u00e7\u00e3o n\u00b0 5\/2022\/SES\/SPAS\/DCA SGD: 2022\/30559\/011151 e o BO&nbsp;2022\/0000040791-8 [&hellip;]<\/p>\n","protected":false},"author":2,"featured_media":10321,"comment_status":"open","ping_status":"open","sticky":false,"template":"","format":"standard","meta":[],"categories":[3],"tags":[13],"_links":{"self":[{"href":"https:\/\/dgospel.com.br\/portal\/index.php\/wp-json\/wp\/v2\/posts\/10320"}],"collection":[{"href":"https:\/\/dgospel.com.br\/portal\/index.php\/wp-json\/wp\/v2\/posts"}],"about":[{"href":"https:\/\/dgospel.com.br\/portal\/index.php\/wp-json\/wp\/v2\/types\/post"}],"author":[{"embeddable":true,"href":"https:\/\/dgospel.com.br\/portal\/index.php\/wp-json\/wp\/v2\/users\/2"}],"replies":[{"embeddable":true,"href":"https:\/\/dgospel.com.br\/portal\/index.php\/wp-json\/wp\/v2\/comments?post=10320"}],"version-history":[{"count":1,"href":"https:\/\/dgospel.com.br\/portal\/index.php\/wp-json\/wp\/v2\/posts\/10320\/revisions"}],"predecessor-version":[{"id":10322,"href":"https:\/\/dgospel.com.br\/portal\/index.php\/wp-json\/wp\/v2\/posts\/10320\/revisions\/10322"}],"wp:featuredmedia":[{"embeddable":true,"href":"https:\/\/dgospel.com.br\/portal\/index.php\/wp-json\/wp\/v2\/media\/10321"}],"wp:attachment":[{"href":"https:\/\/dgospel.com.br\/portal\/index.php\/wp-json\/wp\/v2\/media?parent=10320"}],"wp:term":[{"taxonomy":"category","embeddable":true,"href":"https:\/\/dgospel.com.br\/portal\/index.php\/wp-json\/wp\/v2\/categories?post=10320"},{"taxonomy":"post_tag","embeddable":true,"href":"https:\/\/dgospel.com.br\/portal\/index.php\/wp-json\/wp\/v2\/tags?post=10320"}],"curies":[{"name":"wp","href":"https:\/\/api.w.org\/{rel}","templated":true}]}}