{"id":10323,"date":"2022-01-24T16:48:14","date_gmt":"2022-01-24T19:48:14","guid":{"rendered":"http:\/\/dgospel.com.br\/portal\/?p=10323"},"modified":"2022-01-24T16:48:15","modified_gmt":"2022-01-24T19:48:15","slug":"medicos-e-enfermeiros-irao-receber-capacitacao-sobre-manejo-de-pacientes-com-dengue-zika-e-chikungunya","status":"publish","type":"post","link":"https:\/\/dgospel.com.br\/portal\/index.php\/2022\/01\/24\/medicos-e-enfermeiros-irao-receber-capacitacao-sobre-manejo-de-pacientes-com-dengue-zika-e-chikungunya\/","title":{"rendered":"M\u00e9dicos e enfermeiros ir\u00e3o receber capacita\u00e7\u00e3o sobre manejo de pacientes com dengue, zika e chikungunya"},"content":{"rendered":"\n<p>Profissionais m\u00e9dicos e enfermeiros do Tocantins ter\u00e3o a oportunidade de participar da capacita\u00e7\u00e3o<em>&nbsp;Webinar de Manejo Cl\u00ednico de Dengue, Chikungunya e Zika<\/em>, promovida pelo Minist\u00e9rio da Sa\u00fade (MS), nesta quarta-feira, 26, em formato on-line, das 8h30 \u00e0s 12 horas. A Secretaria de Estado da Sa\u00fade do Tocantins convida todos os profissionais da gest\u00e3o p\u00fablica e privada de sa\u00fade para esta atualiza\u00e7\u00e3o, quanto ao diagn\u00f3stico e ao manejo adequado do paciente suspeito por arboviroses.<\/p>\n\n\n\n<p>A t\u00e9cnica da ger\u00eancia das Arboviroses da Secretaria de Estado da Sa\u00fade, Renata Braga, solicita aos 139 munic\u00edpios tocantinenses a ampla divulga\u00e7\u00e3o do evento e a participa\u00e7\u00e3o de m\u00e9dicos e enfermeiros que atuam na Aten\u00e7\u00e3o B\u00e1sica, M\u00e9dia e Alta Complexidade (p\u00fablica e privada). \u201cCom aumento expressivo dos casos, a capacita\u00e7\u00e3o \u00e9 primordial para melhorar o manejo dos pacientes e evitar o agravamento dos casos e \u00f3bitos\u201d.<\/p>\n\n\n\n<p>Participam do Webinar a m\u00e9dica infectologista, Melissa Falc\u00e3o, que ir\u00e1 discorrer sobre o manejo cl\u00ednico de dengue, chikungunya e zika \u2013 sintomas, diagn\u00f3sticos e estudo de caso; a assessora t\u00e9cnica das Arboviroses do Tocantins, Gisele Luz, que falar\u00e1 sobre o cen\u00e1rio epidemiol\u00f3gico do Tocantins; e o t\u00e9cnico da Coordena\u00e7\u00e3o Geral de Laborat\u00f3rios do MS, Emerson Ara\u00fajo, sobre a vigil\u00e2ncia laboratorial.<\/p>\n\n\n\n<p><strong>Dados<\/strong><\/p>\n\n\n\n<p>Em 2022, at\u00e9 o momento, 27 munic\u00edpios confirmaram casos de dengue no Estado, aumento de 405%, com 21 casos em 2021 contra 106 casos este ano, preval\u00eancia da circula\u00e7\u00e3o do v\u00edrus Denv1 e Denv2.<br><br>J\u00e1 para chikungunya, foi confirmado um caso em Arraias este ano. Para zika, n\u00e3o houve confirma\u00e7\u00f5es em 2022 e dois casos registrados em 2021.<\/p>\n","protected":false},"excerpt":{"rendered":"<p>Profissionais m\u00e9dicos e enfermeiros do Tocantins ter\u00e3o a oportunidade de participar da capacita\u00e7\u00e3o&nbsp;Webinar de Manejo Cl\u00ednico de Dengue, Chikungunya e Zika, promovida pelo Minist\u00e9rio da Sa\u00fade (MS), nesta quarta-feira, 26, em formato on-line, das 8h30 \u00e0s 12 horas. A Secretaria de Estado da Sa\u00fade do Tocantins convida todos os profissionais da gest\u00e3o p\u00fablica e privada [&hellip;]<\/p>\n","protected":false},"author":2,"featured_media":10324,"comment_status":"open","ping_status":"open","sticky":false,"template":"","format":"standard","meta":[],"categories":[3],"tags":[13],"_links":{"self":[{"href":"https:\/\/dgospel.com.br\/portal\/index.php\/wp-json\/wp\/v2\/posts\/10323"}],"collection":[{"href":"https:\/\/dgospel.com.br\/portal\/index.php\/wp-json\/wp\/v2\/posts"}],"about":[{"href":"https:\/\/dgospel.com.br\/portal\/index.php\/wp-json\/wp\/v2\/types\/post"}],"author":[{"embeddable":true,"href":"https:\/\/dgospel.com.br\/portal\/index.php\/wp-json\/wp\/v2\/users\/2"}],"replies":[{"embeddable":true,"href":"https:\/\/dgospel.com.br\/portal\/index.php\/wp-json\/wp\/v2\/comments?post=10323"}],"version-history":[{"count":1,"href":"https:\/\/dgospel.com.br\/portal\/index.php\/wp-json\/wp\/v2\/posts\/10323\/revisions"}],"predecessor-version":[{"id":10325,"href":"https:\/\/dgospel.com.br\/portal\/index.php\/wp-json\/wp\/v2\/posts\/10323\/revisions\/10325"}],"wp:featuredmedia":[{"embeddable":true,"href":"https:\/\/dgospel.com.br\/portal\/index.php\/wp-json\/wp\/v2\/media\/10324"}],"wp:attachment":[{"href":"https:\/\/dgospel.com.br\/portal\/index.php\/wp-json\/wp\/v2\/media?parent=10323"}],"wp:term":[{"taxonomy":"category","embeddable":true,"href":"https:\/\/dgospel.com.br\/portal\/index.php\/wp-json\/wp\/v2\/categories?post=10323"},{"taxonomy":"post_tag","embeddable":true,"href":"https:\/\/dgospel.com.br\/portal\/index.php\/wp-json\/wp\/v2\/tags?post=10323"}],"curies":[{"name":"wp","href":"https:\/\/api.w.org\/{rel}","templated":true}]}}