{"id":10326,"date":"2022-01-24T23:09:49","date_gmt":"2022-01-25T02:09:49","guid":{"rendered":"http:\/\/dgospel.com.br\/portal\/?p=10326"},"modified":"2022-01-24T23:09:49","modified_gmt":"2022-01-25T02:09:49","slug":"eleicoes-ciro-volta-a-acenar-a-marina-para-vice-presidencia","status":"publish","type":"post","link":"https:\/\/dgospel.com.br\/portal\/index.php\/2022\/01\/24\/eleicoes-ciro-volta-a-acenar-a-marina-para-vice-presidencia\/","title":{"rendered":"Elei\u00e7\u00f5es: Ciro volta a acenar a Marina para vice-presid\u00eancia"},"content":{"rendered":"\n<p> Em entrevista concedida a Jos\u00e9 Luiz Datena, o pr\u00e9-candidato do PDT \u00e0 Presid\u00eancia, Ciro Gomes, voltou a fazer acenos a Marina Silva (Rede), que tem sido considerada para integrar sua chapa. O pedetista repetiu que a ex-ministra \u201ctem todos os talentos para ser uma grande presidente do Brasil\u201d. <\/p>\n\n\n\n<p> Seguindo o mote de sua campanha, Ciro declarou que tem confian\u00e7a de que Marina \u201cvai nos ajudar a essa rebeldia da esperan\u00e7a [de] que o Brasil precisa\u201d. <\/p>\n\n\n\n<p>Antes de fazer os elogios a Marina, o pedetista brincou com a possibilidade de escolher Datena como um nome para a vice-presid\u00eancia.<\/p>\n\n\n\n<p>\u2013 Eu queria era o Datena, sabe, aquele grande comunicador. Estou brincando, estou brincando, n\u00e3o posso fazer isso \u2013 brincou durante sua entrevista \u00e0 R\u00e1dio Bandeirantes.<\/p>\n\n\n\n<p>Datena \u2013 que foi um dos nomes considerados para a corrida presidencial antes de o PSL, seu partido, unir-se ao DEM no Uni\u00e3o Brasil \u2013 respondeu \u00e0 brincadeira:<\/p>\n\n\n\n<p>\u2013 Eu n\u00e3o estou brincando. Seria uma honra ser vice seu, porque eu gosto de voc\u00ea, e voc\u00ea \u00e9 um cara honesto pra caramba \u2013 afirmou.<\/p>\n\n\n\n<p>Em pouco mais de uma hora de conversa com o apresentador, Ciro voltou a criticar o ex-presidente Luiz In\u00e1cio Lula da Silva (PT) e o presidente Jair Bolsonaro (PL), os dois nomes que lideram as corridas presidenciais.<\/p>\n\n\n\n<p>Ciro criticou ainda a possibilidade de que ambos possam estar considerando n\u00e3o participar de debates. Ciro acusou os advers\u00e1rios de terem firmado um acordo para \u201cfugir dos debates\u201d.<\/p>\n\n\n\n<p>O ex-governador se disp\u00f4s ainda a debater com qualquer candidato, inclusive com o ex-juiz Sergio Moro (Podemos), que, desde que anunciou sua pr\u00e9-candidatura, tem ganhado o espa\u00e7o de Ciro na chamada terceira via.<\/p>\n\n\n\n<p>#AE<\/p>\n","protected":false},"excerpt":{"rendered":"<p>Em entrevista concedida a Jos\u00e9 Luiz Datena, o pr\u00e9-candidato do PDT \u00e0 Presid\u00eancia, Ciro Gomes, voltou a fazer acenos a Marina Silva (Rede), que tem sido considerada para integrar sua chapa. O pedetista repetiu que a ex-ministra \u201ctem todos os talentos para ser uma grande presidente do Brasil\u201d. Seguindo o mote de sua campanha, Ciro [&hellip;]<\/p>\n","protected":false},"author":2,"featured_media":10327,"comment_status":"open","ping_status":"open","sticky":false,"template":"","format":"standard","meta":[],"categories":[4],"tags":[14],"_links":{"self":[{"href":"https:\/\/dgospel.com.br\/portal\/index.php\/wp-json\/wp\/v2\/posts\/10326"}],"collection":[{"href":"https:\/\/dgospel.com.br\/portal\/index.php\/wp-json\/wp\/v2\/posts"}],"about":[{"href":"https:\/\/dgospel.com.br\/portal\/index.php\/wp-json\/wp\/v2\/types\/post"}],"author":[{"embeddable":true,"href":"https:\/\/dgospel.com.br\/portal\/index.php\/wp-json\/wp\/v2\/users\/2"}],"replies":[{"embeddable":true,"href":"https:\/\/dgospel.com.br\/portal\/index.php\/wp-json\/wp\/v2\/comments?post=10326"}],"version-history":[{"count":1,"href":"https:\/\/dgospel.com.br\/portal\/index.php\/wp-json\/wp\/v2\/posts\/10326\/revisions"}],"predecessor-version":[{"id":10328,"href":"https:\/\/dgospel.com.br\/portal\/index.php\/wp-json\/wp\/v2\/posts\/10326\/revisions\/10328"}],"wp:featuredmedia":[{"embeddable":true,"href":"https:\/\/dgospel.com.br\/portal\/index.php\/wp-json\/wp\/v2\/media\/10327"}],"wp:attachment":[{"href":"https:\/\/dgospel.com.br\/portal\/index.php\/wp-json\/wp\/v2\/media?parent=10326"}],"wp:term":[{"taxonomy":"category","embeddable":true,"href":"https:\/\/dgospel.com.br\/portal\/index.php\/wp-json\/wp\/v2\/categories?post=10326"},{"taxonomy":"post_tag","embeddable":true,"href":"https:\/\/dgospel.com.br\/portal\/index.php\/wp-json\/wp\/v2\/tags?post=10326"}],"curies":[{"name":"wp","href":"https:\/\/api.w.org\/{rel}","templated":true}]}}