{"id":10332,"date":"2022-01-24T23:20:25","date_gmt":"2022-01-25T02:20:25","guid":{"rendered":"http:\/\/dgospel.com.br\/portal\/?p=10332"},"modified":"2022-01-24T23:20:25","modified_gmt":"2022-01-25T02:20:25","slug":"nome-de-pacheco-nao-decola-e-senador-deve-desistir-de-disputar-a-presidencia-da-republica","status":"publish","type":"post","link":"https:\/\/dgospel.com.br\/portal\/index.php\/2022\/01\/24\/nome-de-pacheco-nao-decola-e-senador-deve-desistir-de-disputar-a-presidencia-da-republica\/","title":{"rendered":"Nome de Pacheco n\u00e3o decola, e senador deve desistir de disputar a Presid\u00eancia da Rep\u00fablica"},"content":{"rendered":"\n<p> O presidente do Senado Rodrigo Pacheco (PSD-MG) deve abrir m\u00e3o de vez de lan\u00e7ar sua pr\u00e9-candidatura \u00e0 Presid\u00eancia da Rep\u00fablica. Aliados do senador avaliam que ele desistiu da disputa por causa da polariza\u00e7\u00e3o entre o presidente Jair Bolsonaro (PL) e o ex-presidente Luiz In\u00e1cio Lula da Silva (PT), que aparecem no topo da prefer\u00eancia dos eleitores. Pesquisas recentes indicaram que Pacheco pode receber, no m\u00e1ximo, 1% das inten\u00e7\u00f5es de voto. <\/p>\n\n\n\n<p> Apesar do perfil conciliador, integrantes do PSD consideram que Pacheco \u00e9 desconhecido de grande parte do Brasil. A menos de um ano das elei\u00e7\u00f5es, o senador j\u00e1 deveria estar rodando pelo pa\u00eds para se apresentar aos eleitores, movimento este que n\u00e3o est\u00e1 sendo visto \u2013 ao contr\u00e1rio dos outros presidenci\u00e1veis. O conte\u00fado das redes sociais do senador tamb\u00e9m \u00e9 limitado somente aos seguidores. <\/p>\n\n\n\n<p>\n\nA in\u00e9rcia de Pacheco dificultou a vida do presidente do PSD, Gilberto Kassab, que agora procura um substituto dentro do partido para concorrer ao cargo no Planalto \u2013 mesmo que sem chances reais de vencer.\n\n<\/p>\n","protected":false},"excerpt":{"rendered":"<p>O presidente do Senado Rodrigo Pacheco (PSD-MG) deve abrir m\u00e3o de vez de lan\u00e7ar sua pr\u00e9-candidatura \u00e0 Presid\u00eancia da Rep\u00fablica. Aliados do senador avaliam que ele desistiu da disputa por causa da polariza\u00e7\u00e3o entre o presidente Jair Bolsonaro (PL) e o ex-presidente Luiz In\u00e1cio Lula da Silva (PT), que aparecem no topo da prefer\u00eancia dos [&hellip;]<\/p>\n","protected":false},"author":2,"featured_media":10333,"comment_status":"open","ping_status":"open","sticky":false,"template":"","format":"standard","meta":[],"categories":[4],"tags":[14],"_links":{"self":[{"href":"https:\/\/dgospel.com.br\/portal\/index.php\/wp-json\/wp\/v2\/posts\/10332"}],"collection":[{"href":"https:\/\/dgospel.com.br\/portal\/index.php\/wp-json\/wp\/v2\/posts"}],"about":[{"href":"https:\/\/dgospel.com.br\/portal\/index.php\/wp-json\/wp\/v2\/types\/post"}],"author":[{"embeddable":true,"href":"https:\/\/dgospel.com.br\/portal\/index.php\/wp-json\/wp\/v2\/users\/2"}],"replies":[{"embeddable":true,"href":"https:\/\/dgospel.com.br\/portal\/index.php\/wp-json\/wp\/v2\/comments?post=10332"}],"version-history":[{"count":1,"href":"https:\/\/dgospel.com.br\/portal\/index.php\/wp-json\/wp\/v2\/posts\/10332\/revisions"}],"predecessor-version":[{"id":10334,"href":"https:\/\/dgospel.com.br\/portal\/index.php\/wp-json\/wp\/v2\/posts\/10332\/revisions\/10334"}],"wp:featuredmedia":[{"embeddable":true,"href":"https:\/\/dgospel.com.br\/portal\/index.php\/wp-json\/wp\/v2\/media\/10333"}],"wp:attachment":[{"href":"https:\/\/dgospel.com.br\/portal\/index.php\/wp-json\/wp\/v2\/media?parent=10332"}],"wp:term":[{"taxonomy":"category","embeddable":true,"href":"https:\/\/dgospel.com.br\/portal\/index.php\/wp-json\/wp\/v2\/categories?post=10332"},{"taxonomy":"post_tag","embeddable":true,"href":"https:\/\/dgospel.com.br\/portal\/index.php\/wp-json\/wp\/v2\/tags?post=10332"}],"curies":[{"name":"wp","href":"https:\/\/api.w.org\/{rel}","templated":true}]}}