{"id":10335,"date":"2022-01-24T23:24:35","date_gmt":"2022-01-25T02:24:35","guid":{"rendered":"http:\/\/dgospel.com.br\/portal\/?p=10335"},"modified":"2022-01-24T23:24:36","modified_gmt":"2022-01-25T02:24:36","slug":"jair-bolsonaro-anuncia-o-lancamento-de-seu-aplicativo","status":"publish","type":"post","link":"https:\/\/dgospel.com.br\/portal\/index.php\/2022\/01\/24\/jair-bolsonaro-anuncia-o-lancamento-de-seu-aplicativo\/","title":{"rendered":"Jair Bolsonaro anuncia o lan\u00e7amento de seu aplicativo"},"content":{"rendered":"\n<p>Nesta segunda-feira (24), o presidente Jair Bolsonaro lan\u00e7ou um aplicativo. O Bolsonaro TV re\u00fane publica\u00e7\u00f5es com mensagens, v\u00eddeos e imagens publicadas em todas as redes do chefe do Executivo.<\/p>\n\n\n\n<p>Bolsonaro usou as redes sociais para divulgar o\u00a0<a rel=\"noreferrer noopener\" href=\"https:\/\/app.bolsonaro.tv\/\" target=\"_blank\">lan\u00e7amento<\/a>.<\/p>\n\n\n\n<p>\u00a0Baixem nosso novo aplicativo de informa\u00e7\u00f5es nas plataformas Apple e Android \u2013 escreveu.<\/p>\n\n\n\n<figure class=\"wp-block-image\"><img src=\"https:\/\/static.cdn.pleno.news\/2022\/01\/Screenshot-2022-01-24T160757.411.png\" alt=\"\" class=\"wp-image-881956\"\/><\/figure>\n","protected":false},"excerpt":{"rendered":"<p>Nesta segunda-feira (24), o presidente Jair Bolsonaro lan\u00e7ou um aplicativo. O Bolsonaro TV re\u00fane publica\u00e7\u00f5es com mensagens, v\u00eddeos e imagens publicadas em todas as redes do chefe do Executivo. Bolsonaro usou as redes sociais para divulgar o\u00a0lan\u00e7amento. \u00a0Baixem nosso novo aplicativo de informa\u00e7\u00f5es nas plataformas Apple e Android \u2013 escreveu.<\/p>\n","protected":false},"author":2,"featured_media":10336,"comment_status":"open","ping_status":"open","sticky":false,"template":"","format":"standard","meta":[],"categories":[4],"tags":[],"_links":{"self":[{"href":"https:\/\/dgospel.com.br\/portal\/index.php\/wp-json\/wp\/v2\/posts\/10335"}],"collection":[{"href":"https:\/\/dgospel.com.br\/portal\/index.php\/wp-json\/wp\/v2\/posts"}],"about":[{"href":"https:\/\/dgospel.com.br\/portal\/index.php\/wp-json\/wp\/v2\/types\/post"}],"author":[{"embeddable":true,"href":"https:\/\/dgospel.com.br\/portal\/index.php\/wp-json\/wp\/v2\/users\/2"}],"replies":[{"embeddable":true,"href":"https:\/\/dgospel.com.br\/portal\/index.php\/wp-json\/wp\/v2\/comments?post=10335"}],"version-history":[{"count":1,"href":"https:\/\/dgospel.com.br\/portal\/index.php\/wp-json\/wp\/v2\/posts\/10335\/revisions"}],"predecessor-version":[{"id":10337,"href":"https:\/\/dgospel.com.br\/portal\/index.php\/wp-json\/wp\/v2\/posts\/10335\/revisions\/10337"}],"wp:featuredmedia":[{"embeddable":true,"href":"https:\/\/dgospel.com.br\/portal\/index.php\/wp-json\/wp\/v2\/media\/10336"}],"wp:attachment":[{"href":"https:\/\/dgospel.com.br\/portal\/index.php\/wp-json\/wp\/v2\/media?parent=10335"}],"wp:term":[{"taxonomy":"category","embeddable":true,"href":"https:\/\/dgospel.com.br\/portal\/index.php\/wp-json\/wp\/v2\/categories?post=10335"},{"taxonomy":"post_tag","embeddable":true,"href":"https:\/\/dgospel.com.br\/portal\/index.php\/wp-json\/wp\/v2\/tags?post=10335"}],"curies":[{"name":"wp","href":"https:\/\/api.w.org\/{rel}","templated":true}]}}