{"id":10339,"date":"2022-01-26T10:27:07","date_gmt":"2022-01-26T13:27:07","guid":{"rendered":"http:\/\/dgospel.com.br\/portal\/?p=10339"},"modified":"2022-01-26T10:27:08","modified_gmt":"2022-01-26T13:27:08","slug":"transtornos-mentais-em-criancas-na-pandemia-preocupam-pais-e-especialistas","status":"publish","type":"post","link":"https:\/\/dgospel.com.br\/portal\/index.php\/2022\/01\/26\/transtornos-mentais-em-criancas-na-pandemia-preocupam-pais-e-especialistas\/","title":{"rendered":"Transtornos mentais em crian\u00e7as na pandemia preocupam pais e especialistas"},"content":{"rendered":"\n<p>Os&nbsp;impactos&nbsp;da pandemia&nbsp;da Covid-19&nbsp;atingem&nbsp;profundamente o bem-estar emocional&nbsp;das&nbsp;fam\u00edlias, de maneira geral.&nbsp;As crian\u00e7as, embora&nbsp;se mostrem menos suscet\u00edveis ao cont\u00e1gio pelo v\u00edrus, estiveram, como todos, expostas ao turbilh\u00e3o de mudan\u00e7as provocadas pela crise sanit\u00e1ria.&nbsp;O reflexo sobre o comportamento dos menores&nbsp;tem sido percebido&nbsp;em casa&nbsp;e relatado aos profissionais de sa\u00fade.&nbsp;<\/p>\n\n\n\n<p>No ano passado, particularmente, a&nbsp;Care&nbsp;Plus registrou um aumento exponencial&nbsp;na&nbsp;busca&nbsp;pelos servi\u00e7os&nbsp;do&nbsp;Programa Mental Health.&nbsp;Em mar\u00e7o de 2021 a demanda cresceu 96% em rela\u00e7\u00e3o ao mesmo per\u00edodo de 2020. Nesse universo,&nbsp;46% dos acionamentos relativos \u00e0 pandemia apontavam solicita\u00e7\u00f5es ou orienta\u00e7\u00f5es a respeito de&nbsp;rela\u00e7\u00f5es familiares.&nbsp;&nbsp;<\/p>\n\n\n\n<p>\u201cAs queixas relativas ao sofrimento infantil foram frequentes,&nbsp;trazidas pelas figuras parentais\u201d,diz&nbsp;Ana Paula Martins, coordenadora de psicologia da&nbsp;Care&nbsp;Plus.&nbsp;\u201cMuitas&nbsp;d\u00favidas e afli\u00e7\u00f5es&nbsp;estiveram associadas \u00e0 fadiga frente \u00e0s aulas on-line, situa\u00e7\u00f5es de aumento ou diminui\u00e7\u00e3o significativa do apetite, altera\u00e7\u00f5es no padr\u00e3o do sono, irritabilidade, regress\u00e3o,&nbsp;ansiedade,&nbsp;crises de choro e agressividade&nbsp;de crian\u00e7as e adolescentes\u201d,&nbsp;acrescenta.&nbsp;&nbsp;<\/p>\n\n\n\n<p>A&nbsp;vacina\u00e7\u00e3o&nbsp;avan\u00e7a e reduz a gravidade dos casos&nbsp;em todas as&nbsp;idades, \u00e9 fato, mas&nbsp;ainda n\u00e3o&nbsp;acaba com&nbsp;a press\u00e3o&nbsp;sobre a sa\u00fade mental. Afinal, as medidas&nbsp;para&nbsp;mitiga\u00e7\u00e3o da transmiss\u00e3o da&nbsp;Covid-19, como o uso de m\u00e1scara e o isolamento social, est\u00e3o longe de serem suspensas, enquanto houver riscos de novas cepas do v\u00edrus.&nbsp;&nbsp;<\/p>\n\n\n\n<p>A&nbsp;psic\u00f3loga Ana Paula Martins&nbsp;salienta que&nbsp;ao&nbsp;observar nos filhos sinais de sofrimento ou mudan\u00e7as comportamentais importantes,&nbsp;\u00e9&nbsp;fundamental&nbsp;iniciar&nbsp;o mais breve poss\u00edvel&nbsp;o suporte&nbsp;psicol\u00f3gico&nbsp;especializado.&nbsp;O diagn\u00f3stico deve&nbsp;considerar que parte do sofrimento&nbsp;possivelmente est\u00e1&nbsp;associada \u00e0s condi\u00e7\u00f5es impostas pela pandemia, e n\u00e3o necessariamente&nbsp;a&nbsp;uma doen\u00e7a de base.&nbsp;&nbsp;<\/p>\n\n\n\n<p>De acordo com dados&nbsp;do Fundo das Na\u00e7\u00f5es Unidas para a Inf\u00e2ncia (UNICEF),&nbsp;pelo menos uma em cada sete crian\u00e7as no mundo foi afetada por lockdowns. A ruptura&nbsp;das rotinas relacionadas&nbsp;\u00e0 educa\u00e7\u00e3o e recrea\u00e7\u00e3o, a preocupa\u00e7\u00e3o com a renda familiar e com a sa\u00fade&nbsp;s\u00e3o fatores apontados para a sobrecarga emocional de crian\u00e7as, adolescentes e jovens.&nbsp; O relat\u00f3rio&nbsp;<a href=\"https:\/\/uni.cf\/sowc-media\" target=\"_blank\" rel=\"noreferrer noopener\"><em>The State of the World\u2019s Children 2021; On My Mind:&nbsp;Promoting,&nbsp;Protecting and&nbsp;Caring for&nbsp;Children\u2019s&nbsp;Mental&nbsp;Health<\/em><\/a>alerta ainda&nbsp;para o risco do impacto da&nbsp;Covid-19 na sa\u00fade mental dessa fatia da popula\u00e7\u00e3o perdurar por muitos anos.&nbsp;&nbsp;<\/p>\n\n\n\n<p>As recomenda\u00e7\u00f5es em prol do bem-estar&nbsp;emocional&nbsp;infantil e juvenil, feitas pela&nbsp;coordenadora&nbsp;de&nbsp;psicologia da&nbsp;Care&nbsp;Plus, apoiam-se em tr\u00eas pilares:&nbsp;<\/p>\n\n\n\n<p><strong>Limites para o uso de&nbsp;tecnologia<\/strong>&nbsp;<\/p>\n\n\n\n<p>A exposi\u00e7\u00e3o&nbsp;excessiva \u00e0s telas&nbsp;prejudica a&nbsp;socializa\u00e7\u00e3o&nbsp;e altera condi\u00e7\u00f5es como postura&nbsp;e vis\u00e3o.&nbsp;Durante&nbsp;refei\u00e7\u00f5es em fam\u00edlia, por exemplo,&nbsp;\u00e9 importante&nbsp;desligar&nbsp;o&nbsp;celular.&nbsp;Na hora de&nbsp;dormir, tamb\u00e9m deve ser&nbsp;evitado. \u201cO uso do aparelho&nbsp;interfere na qualidade do sono\u201d, explica a&nbsp;psic\u00f3loga. \u201cO sono de m\u00e1 qualidade \u00e9 um dos gatilhos para instala\u00e7\u00e3o de sofrimento emocional.\u201d&nbsp;<\/p>\n\n\n\n<p><strong>Promo\u00e7\u00e3o de&nbsp;atividades f\u00edsicas<\/strong>&nbsp;<\/p>\n\n\n\n<p>Preferencialmente ao ar livre, contribuem para redu\u00e7\u00e3o do estresse e da ansiedade, al\u00e9m&nbsp;de&nbsp;favorecerem a&nbsp;autoestima, fun\u00e7\u00f5es cognitivas e de socializa\u00e7\u00e3o.&nbsp;\u201c\u00c9 contradit\u00f3rio restringir o acesso \u00e0s redes sociais, impor limites de hor\u00e1rios para uso de celular e n\u00e3o promover para uma rotina saud\u00e1vel&nbsp;de atividades f\u00edsicas&nbsp;para&nbsp;a fam\u00edlia\u201d,&nbsp;acrescenta&nbsp;Ana Paula Martins.&nbsp;<\/p>\n\n\n\n<p><strong>Cuidados&nbsp;extensivos&nbsp;aos pais&nbsp;<\/strong>&nbsp;<\/p>\n\n\n\n<p>A fam\u00edlia, de maneira geral, precisa&nbsp;de&nbsp;momentos de&nbsp;descompress\u00e3o e autocuidado. \u201cNesta fase&nbsp;de pandemia,&nbsp;especialmente&nbsp;desestabilizadora&nbsp;para adolescentes,&nbsp;a media\u00e7\u00e3o dos pais \u00e9 frequentemente exigida para&nbsp;fazer frente \u00e0s oscila\u00e7\u00f5es de humor dos filhos\u201d, diz&nbsp;a&nbsp;psic\u00f3loga. \u201cOs adultos tamb\u00e9m&nbsp;precisam&nbsp;reservar&nbsp;um tempo para exerc\u00edcios de autopercep\u00e7\u00e3o e relaxamento.\u201d&nbsp;<\/p>\n\n\n\n<p>A&nbsp;Care&nbsp;Plus mant\u00e9m&nbsp;o&nbsp;Programa&nbsp;Mental Health, um&nbsp;servi\u00e7o que oferece o&nbsp;modelo de atendimento&nbsp;focado no equil\u00edbrio emocional de seus benefici\u00e1rios.&nbsp;Dispon\u00edvel durante 24 horas por dia, sete dias por semana,&nbsp;oferece&nbsp;tratamento&nbsp;com profissionais de diferentes especialidades, de acordo com a necessidade do benefici\u00e1rio.&nbsp;De modo totalmente humanizado e acolhedor, focado no equil\u00edbrio emocional para auxiliar em momentos de sensibiliza\u00e7\u00e3o.&nbsp;&nbsp;<\/p>\n\n\n\n<p>Al\u00e9m disso, a operadora&nbsp;premium&nbsp;tem investido em outras iniciativas&nbsp;que visam&nbsp;contribuir para&nbsp;o conhecimento,&nbsp;a&nbsp;desmistifica\u00e7\u00e3o de doen\u00e7as mentais&nbsp;e&nbsp;o&nbsp;acolhimento de pacientes,&nbsp;como a promo\u00e7\u00e3o e patroc\u00ednio de&nbsp;workshops e debates&nbsp;\u2013&nbsp;foi patrocinadora do painel sobre Sa\u00fade Mental do&nbsp;Summit&nbsp;do Estad\u00e3o, realizado em outubro de 2021.&nbsp;&nbsp;<\/p>\n\n\n\n<p><strong>Sobre a&nbsp;Care&nbsp;Plus<\/strong>&nbsp;<\/p>\n\n\n\n<p>A&nbsp;<a href=\"https:\/\/www.careplus.com.br\/\" target=\"_blank\" rel=\"noreferrer noopener\">Care Plus<\/a>&nbsp;faz parte da&nbsp;<a href=\"https:\/\/www.bupaglobal.com\/en\" target=\"_blank\" rel=\"noreferrer noopener\">Bupa<\/a>, que tem presen\u00e7a em mais de 190 pa\u00edses. H\u00e1&nbsp;30 anos, fornece solu\u00e7\u00f5es de sa\u00fade premium, por meio de uma ampla gama de produtos (medicina, odontologia, sa\u00fade ocupacional e medicina preventiva). \u00c9 a principal operadora de sa\u00fade no Brasil em seu nicho de mercado, atendendo a mais de mil empresas e cerca de 195&nbsp;mil benefici\u00e1rios.&nbsp;&nbsp;<\/p>\n\n\n\n<p>Refer\u00eancia&nbsp;<\/p>\n\n\n\n<p><a href=\"http:\/\/xn--the%20state%20of%20the%20worlds%20children%202021%3B%20on%20my%20mind-4i67b%20promoting%2C%20protecting%20and%20caring%20for%20children%E2%80%99s%20mental%20health\/\" target=\"_blank\" rel=\"noreferrer noopener\">The&nbsp;State&nbsp;of the&nbsp;World\u2019s&nbsp;Children&nbsp;2021; On my&nbsp;mind:&nbsp;Promoting,&nbsp;Protecting&nbsp;and&nbsp;Caring&nbsp;for&nbsp;Children\u2019s&nbsp;Mental&nbsp;Health<\/a>.Dispon\u00edvel em<a href=\"https:\/\/www.unicef.org\/reports\/state-worlds-children-2021?utm_source=referral&amp;utm_medium=media&amp;utm_campaign=sowc-web\" target=\"_blank\" rel=\"noreferrer noopener\">https:\/\/www.unicef.org\/reports\/state-worlds-children-2021?utm_source=referral&amp;utm_medium=media&amp;utm_campaign=sowc-web<\/a>. Acesso em&nbsp;4&nbsp;jan.\/2021.&nbsp;&nbsp;<\/p>\n","protected":false},"excerpt":{"rendered":"<p>Os&nbsp;impactos&nbsp;da pandemia&nbsp;da Covid-19&nbsp;atingem&nbsp;profundamente o bem-estar emocional&nbsp;das&nbsp;fam\u00edlias, de maneira geral.&nbsp;As crian\u00e7as, embora&nbsp;se mostrem menos suscet\u00edveis ao cont\u00e1gio pelo v\u00edrus, estiveram, como todos, expostas ao turbilh\u00e3o de mudan\u00e7as provocadas pela crise sanit\u00e1ria.&nbsp;O reflexo sobre o comportamento dos menores&nbsp;tem sido percebido&nbsp;em casa&nbsp;e relatado aos profissionais de sa\u00fade.&nbsp; No ano passado, particularmente, a&nbsp;Care&nbsp;Plus registrou um aumento exponencial&nbsp;na&nbsp;busca&nbsp;pelos servi\u00e7os&nbsp;do&nbsp;Programa Mental [&hellip;]<\/p>\n","protected":false},"author":2,"featured_media":10340,"comment_status":"open","ping_status":"open","sticky":false,"template":"","format":"standard","meta":[],"categories":[11],"tags":[],"_links":{"self":[{"href":"https:\/\/dgospel.com.br\/portal\/index.php\/wp-json\/wp\/v2\/posts\/10339"}],"collection":[{"href":"https:\/\/dgospel.com.br\/portal\/index.php\/wp-json\/wp\/v2\/posts"}],"about":[{"href":"https:\/\/dgospel.com.br\/portal\/index.php\/wp-json\/wp\/v2\/types\/post"}],"author":[{"embeddable":true,"href":"https:\/\/dgospel.com.br\/portal\/index.php\/wp-json\/wp\/v2\/users\/2"}],"replies":[{"embeddable":true,"href":"https:\/\/dgospel.com.br\/portal\/index.php\/wp-json\/wp\/v2\/comments?post=10339"}],"version-history":[{"count":1,"href":"https:\/\/dgospel.com.br\/portal\/index.php\/wp-json\/wp\/v2\/posts\/10339\/revisions"}],"predecessor-version":[{"id":10341,"href":"https:\/\/dgospel.com.br\/portal\/index.php\/wp-json\/wp\/v2\/posts\/10339\/revisions\/10341"}],"wp:featuredmedia":[{"embeddable":true,"href":"https:\/\/dgospel.com.br\/portal\/index.php\/wp-json\/wp\/v2\/media\/10340"}],"wp:attachment":[{"href":"https:\/\/dgospel.com.br\/portal\/index.php\/wp-json\/wp\/v2\/media?parent=10339"}],"wp:term":[{"taxonomy":"category","embeddable":true,"href":"https:\/\/dgospel.com.br\/portal\/index.php\/wp-json\/wp\/v2\/categories?post=10339"},{"taxonomy":"post_tag","embeddable":true,"href":"https:\/\/dgospel.com.br\/portal\/index.php\/wp-json\/wp\/v2\/tags?post=10339"}],"curies":[{"name":"wp","href":"https:\/\/api.w.org\/{rel}","templated":true}]}}