{"id":1034,"date":"2018-08-16T15:47:37","date_gmt":"2018-08-16T18:47:37","guid":{"rendered":"http:\/\/dgospel.com.br\/portal\/?p=1034"},"modified":"2018-08-16T15:47:37","modified_gmt":"2018-08-16T18:47:37","slug":"dia-d-de-vacinacao-contra-o-sarampo-e-a-poliomielite-acontece-neste-sabado-18-na-capital","status":"publish","type":"post","link":"https:\/\/dgospel.com.br\/portal\/index.php\/2018\/08\/16\/dia-d-de-vacinacao-contra-o-sarampo-e-a-poliomielite-acontece-neste-sabado-18-na-capital\/","title":{"rendered":"Dia D de Vacina\u00e7\u00e3o contra o Sarampo e a Poliomielite acontece neste s\u00e1bado, 18, na Capital"},"content":{"rendered":"<p class=\"yiv0990688700MsoNormal\">Neste s\u00e1bado, 18, \u00e9 o Dia D de Vacina\u00e7\u00e3o contra o Sarampo e a Poliomielite. Na Capital, 16 Centros de Sa\u00fade da Comunidade, distribu\u00eddos de Norte a Sul, estar\u00e3o de\u00a0portas abertas das 8 \u00e0s 17 horas para vacinar as crian\u00e7as\u00a0na faixa et\u00e1ria de 01 ano a menores de 05 anos (at\u00e9 04 anos, 11 meses e 29 dias). A abertura oficial ser\u00e1 no Centro de Sa\u00fade da Comunidade do Jardim Taquari, \u00e0s 8h30.<\/p>\n<p class=\"yiv0990688700MsoNormal\">Na primeira semana da campanha (de 6 a 13) cerca de 19% do p\u00fablico alvo foi imunizado, sendo que 3.262 crian\u00e7as foram vacinadas contra a poliomielite e 3.189 crian\u00e7as contra o sarampo. A meta \u00e9 vacinar 17.397 crian\u00e7as na Capital.<\/p>\n<p class=\"yiv0990688700MsoNormal\">A superintendente de Aten\u00e7\u00e3o Prim\u00e1ria e Vigil\u00e2ncia em Sa\u00fade, Veruska Veras, lembra que tanto a poliomielite quanto o sarampo eram doen\u00e7as consideradas erradicadas no Brasil, mas voltaram a ser preocupa\u00e7\u00e3o no Pa\u00eds, devido ao hist\u00f3rico de baixas coberturas de vacina\u00e7\u00e3o, tendo sido notificados recentemente quase mil casos de sarampo no pa\u00eds; a maioria nos estados do Amazonas e Roraima. \u201cCom base nesse cen\u00e1rio, a campanha de 2018 \u00e9 indiscriminada na faixa et\u00e1ria de crian\u00e7as de 01 a menor de 05 anos, ou seja, o Minist\u00e9rio da Sa\u00fade pretende atingir as crian\u00e7as que ainda n\u00e3o se imunizaram, as que precisam completar o esquema vacinal e at\u00e9 mesmo as que j\u00e1 tomaram as duas doses anteriormente, pois a ideia \u00e9 aplicar um refor\u00e7o que minimize o risco de falha vacinal\u201d, ressalta.<\/p>\n<p class=\"yiv0990688700MsoNormal\">O esquema de imuniza\u00e7\u00e3o contra o sarampo exige duas doses da vacina, uma com 12 meses (tr\u00edplice viral) e a segunda com 15 meses (tetra viral). \u201cPor\u00e9m, devido aos surtos que t\u00eam ocorrido nos pa\u00eds, o Minist\u00e9rio da Sa\u00fade convocou a campanha para aumentar a cobertura vacinal e impedir a dissemina\u00e7\u00e3o do sarampo\u201d, reitera a superintendente.<\/p>\n<p class=\"yiv0990688700MsoNormal\">Com rela\u00e7\u00e3o \u00e0 poliomielite, as crian\u00e7as que nunca receberam nenhuma dose na vida receber\u00e3o a vacina inativa (injet\u00e1vel). J\u00e1 as crian\u00e7as menores de 05 anos que j\u00e1 tomaram pelo menos uma dose da vacina, receber\u00e3o apenas a gotinha. A Campanha acontecer\u00e1 no per\u00edodo 31 de agosto.<\/p>\n<p class=\"yiv0990688700MsoNormal\">Quem j\u00e1 se imunizou contra o sarampo e a poliomielite foi o pequeno Miguel, de 02 anos. Acompanhado da m\u00e3e Thayn\u00e1 Ara\u00fajo e da av\u00f3 Deusanira Ara\u00fajo, assim que saiu da escola, ele foi ao Centro de Sa\u00fade da Comunidade Alberto Santos (Arse 101) para ser imunizado. \u201cGra\u00e7as a Deus, o Miguel \u00e9 uma crian\u00e7a muito saud\u00e1vel, isso se deve tamb\u00e9m ao cuidado que tenho em manter o cart\u00e3o de vacinas dele sempre atualizado\u201d, disse Thayn\u00e1.<\/p>\n<p class=\"yiv0990688700MsoNormal\">A pequena Geovanna Ribeiro vacinou contra o sarampo, apesar de n\u00e3o gostar de inje\u00e7\u00e3o, ela entende a import\u00e2ncia da vacina. \u201cN\u00e3o quero ficar doente e ter que tomar rem\u00e9dio\u201d, disse Geovanna ao lado da m\u00e3e Lorrana Ribeiro que complementou: \u201cAs vacinas dela est\u00e3o todas em dia, aproveito sempre as campanhas para mant\u00ea-la livre de doen\u00e7as.\u201d<\/p>\n<p class=\"yiv0990688700MsoNormal\"><b>Confira os locais de vacina\u00e7\u00e3o durante o Dia D<\/b><\/p>\n<p class=\"yiv0990688700MsoNormal\">\n<p class=\"yiv0990688700MsoNormal\">&#8211; CSC Arno 41<\/p>\n<p class=\"yiv0990688700MsoNormal\">&#8211; CSC Arno 42<\/p>\n<p class=\"yiv0990688700MsoNormal\">&#8211; CSC Arne 53<\/p>\n<p class=\"yiv0990688700MsoNormal\">&#8211; CSC Arno 71<\/p>\n<p class=\"yiv0990688700MsoNormal\">&#8211; CSC Loiane Moreno (Arse 24)<\/p>\n<p class=\"yiv0990688700MsoNormal\">&#8211; CSC Francisco Junior (Arso 41)<\/p>\n<p class=\"yiv0990688700MsoNormal\">&#8211; CSC Arse 82<\/p>\n<p class=\"yiv0990688700MsoNormal\">&#8211; CSC S\u00e1tilo Alves (Arso 111)<\/p>\n<p class=\"yiv0990688700MsoNormal\">&#8211; CSC Arse 131<\/p>\n<p class=\"yiv0990688700MsoNormal\"><b>&#8211; CSC Jardim Taquari &#8211; abertura oficial<\/b><\/p>\n<p class=\"yiv0990688700MsoNormal\">&#8211; CSC Laurides Milhomem (Jardim Aureny III)<\/p>\n<p class=\"yiv0990688700MsoNormal\">&#8211; CSC Alto Bonito (Jardim Aureny IV)<\/p>\n<p class=\"yiv0990688700MsoNormal\">&#8211; CSC Eug\u00eanio Pinheiro (Jardim Aureny I)<\/p>\n<p class=\"yiv0990688700MsoNormal\">&#8211; CSC Santa F\u00e9<\/p>\n<p class=\"yiv0990688700MsoNormal\">&#8211; CSC Bela Vista<\/p>\n<p class=\"yiv0990688700MsoNormal\">&#8211; CSC Walterly Wagner (Taquaru\u00e7u)<\/p>\n","protected":false},"excerpt":{"rendered":"<p>Neste s\u00e1bado, 18, \u00e9 o Dia D de Vacina\u00e7\u00e3o contra o Sarampo e a Poliomielite. Na Capital, 16 Centros de Sa\u00fade da Comunidade, distribu\u00eddos de Norte a Sul, estar\u00e3o de\u00a0portas abertas das 8 \u00e0s 17 horas para vacinar as crian\u00e7as\u00a0na faixa et\u00e1ria de 01 ano a menores de 05 anos (at\u00e9 04 anos, 11 meses [&hellip;]<\/p>\n","protected":false},"author":2,"featured_media":1035,"comment_status":"open","ping_status":"open","sticky":false,"template":"","format":"standard","meta":[],"categories":[2,3],"tags":[],"_links":{"self":[{"href":"https:\/\/dgospel.com.br\/portal\/index.php\/wp-json\/wp\/v2\/posts\/1034"}],"collection":[{"href":"https:\/\/dgospel.com.br\/portal\/index.php\/wp-json\/wp\/v2\/posts"}],"about":[{"href":"https:\/\/dgospel.com.br\/portal\/index.php\/wp-json\/wp\/v2\/types\/post"}],"author":[{"embeddable":true,"href":"https:\/\/dgospel.com.br\/portal\/index.php\/wp-json\/wp\/v2\/users\/2"}],"replies":[{"embeddable":true,"href":"https:\/\/dgospel.com.br\/portal\/index.php\/wp-json\/wp\/v2\/comments?post=1034"}],"version-history":[{"count":1,"href":"https:\/\/dgospel.com.br\/portal\/index.php\/wp-json\/wp\/v2\/posts\/1034\/revisions"}],"predecessor-version":[{"id":1036,"href":"https:\/\/dgospel.com.br\/portal\/index.php\/wp-json\/wp\/v2\/posts\/1034\/revisions\/1036"}],"wp:featuredmedia":[{"embeddable":true,"href":"https:\/\/dgospel.com.br\/portal\/index.php\/wp-json\/wp\/v2\/media\/1035"}],"wp:attachment":[{"href":"https:\/\/dgospel.com.br\/portal\/index.php\/wp-json\/wp\/v2\/media?parent=1034"}],"wp:term":[{"taxonomy":"category","embeddable":true,"href":"https:\/\/dgospel.com.br\/portal\/index.php\/wp-json\/wp\/v2\/categories?post=1034"},{"taxonomy":"post_tag","embeddable":true,"href":"https:\/\/dgospel.com.br\/portal\/index.php\/wp-json\/wp\/v2\/tags?post=1034"}],"curies":[{"name":"wp","href":"https:\/\/api.w.org\/{rel}","templated":true}]}}