{"id":10342,"date":"2022-01-26T11:27:44","date_gmt":"2022-01-26T14:27:44","guid":{"rendered":"http:\/\/dgospel.com.br\/portal\/?p=10342"},"modified":"2022-01-26T11:27:46","modified_gmt":"2022-01-26T14:27:46","slug":"atingimos-o-maior-nivel-de-perseguicao-aos-cristaos-diz-marco-cruz-da-portas-abertas","status":"publish","type":"post","link":"https:\/\/dgospel.com.br\/portal\/index.php\/2022\/01\/26\/atingimos-o-maior-nivel-de-perseguicao-aos-cristaos-diz-marco-cruz-da-portas-abertas\/","title":{"rendered":"\u201cAtingimos o maior n\u00edvel de persegui\u00e7\u00e3o aos crist\u00e3os\u201d, diz Marco Cruz da Portas Abertas"},"content":{"rendered":"\n<p>\u00c9 alarmante o aumento do n\u00famero de crist\u00e3os perseguidos no mundo todo. Em 2013 eram 100 milh\u00f5es e, hoje, j\u00e1 s\u00e3o mais de 360 milh\u00f5es, conforme o Secret\u00e1rio Geral da Portas Abertas no Brasil,&nbsp;<a href=\"https:\/\/guiame.com.br\/gospel\/missoes-acao-social\/igreja-ameaca-o-poder-do-governo-comunista-diz-marco-cruz-sobre-perseguicao-na-china.html\"><strong>Marco Cruz<\/strong><\/a>.<\/p>\n\n\n\n\n\n<p>Em entrevista exclusiva ao\u00a0<strong>Guiame<\/strong>, ele disse que este \u00e9 o pior ano. \u201cN\u00f3s atingimos o maior n\u00edvel de persegui\u00e7\u00e3o desde que a Portas Abertas come\u00e7ou a monitorar essa quest\u00e3o\u201d, disse ao ressaltar que \u201cem menos de 10 anos mais do que triplicou a quantidade de crist\u00e3os perseguidos.\u00a0<\/p>\n\n\n\n<p>Resumindo, 1 a cada 7 crist\u00e3os enfrenta a persegui\u00e7\u00e3o por causa do nome de Jesus.&nbsp;<\/p>\n\n\n\n<p><strong>Piores pa\u00edses para os crist\u00e3os: Afeganist\u00e3o e Coreia do Norte<\/strong><\/p>\n\n\n\n<p>\u201cA&nbsp;<a href=\"https:\/\/guiame.com.br\/gospel\/missoes-acao-social\/coreia-do-norte-tem-50-mil-cristaos-torturados-em-campos-prisionais-diz-ex-prisioneira.html\"><strong>Coreia do Norte<\/strong><\/a>&nbsp;atingiu sua maior pontua\u00e7\u00e3o\u201d, disse Marco ao mencionar os trabalhos da Portas Abertas desde o in\u00edcio, em 1993. \u201cE a persegui\u00e7\u00e3o aumentou ainda mais no Afeganist\u00e3o com a tomada do&nbsp;<a href=\"https:\/\/guiame.com.br\/gospel\/noticias\/taliba-muda-nome-do-pais-para-emirado-islamico-do-afeganistao-e-lei-sharia-entra-em-vigor.html\"><strong>poder pelo Talib\u00e3<\/strong><\/a>\u201d, explicou.<\/p>\n\n\n\n<p>Ou seja, ap\u00f3s 20 anos liderando no topo da Lista Mundial da Persegui\u00e7\u00e3o, a&nbsp;<a href=\"https:\/\/guiame.com.br\/gospel\/mundo-cristao\/coreia-do-norte-retrata-cristaos-como-assassinos-e-espioes-para-intimidar-criancas.html\"><strong>Coreia do Norte deu lugar ao Afeganist\u00e3o<\/strong><\/a>, n\u00e3o porque a viol\u00eancia por l\u00e1 diminuiu, mas porque agora os dois pa\u00edses concorrem entre os lugares mais violentos e perigosos do mundo para quem professa o cristianismo.&nbsp;<\/p>\n\n\n\n<p>\u201cNa Coreia do Norte existem de 50 a 70 mil crist\u00e3os presos em campos de trabalho for\u00e7ado. A situa\u00e7\u00e3o \u00e9 muito ruim, as pessoas passam fome e s\u00e3o submetidas a torturas di\u00e1rias\u201d, revelou.<\/p>\n\n\n\n<p>\u201cMas, no&nbsp;<a href=\"https:\/\/guiame.com.br\/gospel\/mundo-cristao\/mais-de-8-mil-cristaos-permanecem-no-afeganistao-e-muitos-continuam-escondidos.html\"><strong>Afeganist\u00e3o \u00e9 ainda pior<\/strong><\/a>, porque todos os crist\u00e3os s\u00e3o secretos e, se descobertos, \u00e9 bem prov\u00e1vel que enfrentar\u00e3o a morte. Para o crist\u00e3o afeg\u00e3o o risco de vida \u00e9 mais iminente\u201d, comparou.<\/p>\n\n\n\n<p><strong>Assista na \u00edntegra:<\/strong><\/p>\n\n\n\n<figure class=\"wp-block-embed-youtube wp-block-embed is-type-video is-provider-youtube wp-embed-aspect-16-9 wp-has-aspect-ratio\"><div class=\"wp-block-embed__wrapper\">\n<iframe loading=\"lazy\" title=\"Atingimos o maior n\u00edvel de persegui\u00e7\u00e3o aos crist\u00e3os - Marco Cruz (Portas Abertas)\" width=\"630\" height=\"354\" src=\"https:\/\/www.youtube.com\/embed\/qYGg-fGn0F8?feature=oembed\" frameborder=\"0\" allow=\"accelerometer; autoplay; clipboard-write; encrypted-media; gyroscope; picture-in-picture\" allowfullscreen><\/iframe>\n<\/div><\/figure>\n\n\n\n<p><br><\/p>\n\n\n\n<p><strong>China fere cada vez mais a liberdade religiosa<\/strong><\/p>\n\n\n\n<p>O&nbsp;<a href=\"https:\/\/guiame.com.br\/gospel\/missoes-acao-social\/portas-abertas-pede-que-cristaos-boicotem-olimpiadas-de-pequim-devido-perseguicao.html\"><strong>comunismo e a ideologia chinesa<\/strong><\/a>&nbsp;j\u00e1 est\u00e3o servindo de inspira\u00e7\u00e3o para outros l\u00edderes que tentam implantar o socialismo em suas na\u00e7\u00f5es, o que acarreta em mais persegui\u00e7\u00e3o aos crist\u00e3os.<\/p>\n\n\n\n<p>\u201c\u00c0 medida que a&nbsp;<a href=\"https:\/\/guiame.com.br\/gospel\/noticias\/china-esta-eliminando-o-dinheiro-para-caminhar-em-direcao-vigilancia-total-do-governo.html\"><strong>China aumenta o seu poderio econ\u00f4mico<\/strong><\/a>, sua for\u00e7a se espalha pelo mundo. Dentro do pa\u00eds, existe s\u00f3 um partido \u2014 o comunista \u2014 ent\u00e3o, existe um modelo de conformidade padr\u00e3o. Quem n\u00e3o segue o modelo sofre as penalidades\u201d, disse Marco que j\u00e1 morou na China por tr\u00eas anos.<\/p>\n\n\n\n<p>\u201cEsse&nbsp;<a href=\"https:\/\/guiame.com.br\/gospel\/noticias\/china-impacta-o-mundo-ao-anunciar-sua-doutrina-igualitaria-visando-prosperidade-comum.html\"><strong>modelo est\u00e1 se espalhando para outros pa\u00edses<\/strong><\/a>, como&nbsp;<a href=\"https:\/\/guiame.com.br\/gospel\/missoes-acao-social\/33-cristaos-estao-presos-no-vietna-apos-aumento-da-perseguicao-igreja-no-pais.html\"><strong>Vietn\u00e3<\/strong><\/a>, Mianmar e at\u00e9 a&nbsp;<a href=\"https:\/\/guiame.com.br\/gospel\/missoes-acao-social\/paises-que-perseguem-igreja-como-vivem-os-cristaos-na-india.html\"><strong>\u00cdndia<\/strong><\/a>, que \u00e9 considerada uma grande democracia no mundo. \u00c9 s\u00f3 fachada, porque o modelo \u00fanico na \u00cdndia \u00e9 a hinduiniza\u00e7\u00e3o\u201d, alertou.<\/p>\n\n\n\n<p><strong>Persegui\u00e7\u00e3o aos crist\u00e3os na Am\u00e9rica Latina<\/strong><\/p>\n\n\n\n<p>Sabe-se que a&nbsp;<a href=\"https:\/\/guiame.com.br\/gospel\/missoes-acao-social\/perseguicao-na-america-latina-6-paises-tem-aumento-de-hostilidade-contra-cristaos.html\"><strong>persegui\u00e7\u00e3o j\u00e1 chegou \u00e0 Am\u00e9rica Latina<\/strong><\/a>, dando suas amostras atrav\u00e9s do M\u00e9xico, da Col\u00f4mbia e de&nbsp;<a href=\"https:\/\/guiame.com.br\/gospel\/missoes-acao-social\/lider-de-igreja-descreve-perseguicao-igrejas-em-cuba-e-diabolico.html\"><strong>Cuba<\/strong><\/a>. \u201cDos tr\u00eas pa\u00edses, a persegui\u00e7\u00e3o mais violenta acontece na Col\u00f4mbia, um dos pa\u00edses com maior n\u00famero de crist\u00e3os assassinados, em especial os pastores\u201d, frisou.<\/p>\n\n\n\n<p>\u201cPor l\u00e1, h\u00e1 um dom\u00ednio do&nbsp;<a href=\"https:\/\/guiame.com.br\/gospel\/missoes-acao-social\/na-colombia-lideres-cristao-sao-expulsos-da-regiao-por-guerrilheiros.html\"><strong>tr\u00e1fico de drogas e guerrilhas<\/strong><\/a>\u201d, continuou e falou um pouco sobre a fonte de persegui\u00e7\u00e3o em Cuba. \u201cO pa\u00eds segue um pouco o estilo de persegui\u00e7\u00e3o chin\u00eas. Existe um&nbsp;<a href=\"https:\/\/guiame.com.br\/gospel\/noticias\/nao-aguentamos-mais-milhares-de-cubanos-realizam-protesto-contra-ditadura-comunista.html\"><strong>governo autorit\u00e1rio, comunista<\/strong><\/a>, que imp\u00f5e a conformidade ao pensamento marxista\u201d, explicou.&nbsp;<\/p>\n\n\n\n<p>\u201cEm julho do ano passado, houve protestos em Cuba, onde&nbsp;<a href=\"https:\/\/guiame.com.br\/gospel\/noticias\/pastores-sao-presos-em-cuba-apos-repressao-do-governo-por-protestos.html\"><strong>l\u00edderes crist\u00e3os se levantaram pedindo liberdade<\/strong><\/a>. N\u00e3o houve vandalismo, e mesmo assim acabaram sendo presos, torturados ou multados. Esse \u00e9 o mecanismo\u201d, esclareceu.<\/p>\n\n\n\n<p><strong>A persegui\u00e7\u00e3o aos crist\u00e3os \u00e9 uma profecia b\u00edblica<\/strong><\/p>\n\n\n\n<p>De acordo com Mateus 24.9, um dia, todos os pa\u00edses do mundo ser\u00e3o hostis ao cristianismo \u2014&nbsp;<a href=\"https:\/\/guiame.com.br\/colunistas\/cris-beloni\/entenda-historia-da-perseguicao-aos-cristaos.html\"><strong>\u201cser\u00e3o odiados por todas as na\u00e7\u00f5es\u201d<\/strong><\/a>. Isso significa que o Brasil n\u00e3o ser\u00e1 livre de persegui\u00e7\u00e3o.&nbsp;<\/p>\n\n\n\n<p>Atualmente, h\u00e1 todo tipo de liberdade em nosso pa\u00eds \u2014 liberdade de express\u00e3o, de pensamento, de imprensa e de religi\u00e3o. \u201cN\u00f3s gozamos de liberdade quando comparados aos pa\u00edses que est\u00e3o na Lista Mundial da Persegui\u00e7\u00e3o\u201d, disse.&nbsp;&nbsp;<\/p>\n\n\n\n<p>Por\u00e9m,&nbsp;<a href=\"https:\/\/guiame.com.br\/gospel\/mundo-cristao\/repressao-comunista-igreja-na-china-e-considerada-alerta-para-o-fim-dos-tempos.html\"><strong>um dia essa liberdade vai acabar<\/strong><\/a>, n\u00e3o se sabe quando. Marco se mostra positivo quanto a esse futuro e diz que \u00e9 preciso considerar o que diz a B\u00edblia. \u201cBem aventurados os perseguidos. Onde h\u00e1 luz de Jesus, as trevas reclamam\u201d, considerou.<\/p>\n\n\n\n<p>\u201cN\u00e3o h\u00e1 ind\u00edcio de que a persegui\u00e7\u00e3o esteja acontecendo no Brasil, mas n\u00e3o h\u00e1 base b\u00edblica dizendo que isso nunca v\u00e1 acontecer. Por isso, temos que aprender com o testemunho dos crist\u00e3os perseguidos\u201d, prosseguiu.<\/p>\n\n\n\n<p><strong>Pandemia acelerou a discrimina\u00e7\u00e3o contra crist\u00e3os<\/strong><\/p>\n\n\n\n<p>\u201cNa pandemia, o crist\u00e3o perseguido enfrentou dupla vulnerabilidade\u201d, disse o secret\u00e1rio. Al\u00e9m da&nbsp;<a href=\"https:\/\/guiame.com.br\/colunistas\/cris-beloni\/podemos-comparar-o-exilio-e-vigilancia-dos-tempos-biblicos-com-os-dias-de-hoje.html\"><strong>press\u00e3o cotidiana<\/strong><\/a>, durante a crise sanit\u00e1ria por Covid-19, em regi\u00f5es da \u00c1frica, \u00c1sia e Oriente M\u00e9dio, houve tamb\u00e9m grande discrimina\u00e7\u00e3o contra a Igreja de Cristo.&nbsp;<\/p>\n\n\n\n<p>Conforme Marco, o socorro emergencial do governo&nbsp;<a href=\"https:\/\/guiame.com.br\/gospel\/missoes-acao-social\/governo-do-vietna-nega-ajuda-cristaos-durante-pandemia-o-seu-deus-cuidara-de-voces.html\"><strong>n\u00e3o chegou \u00e0s m\u00e3os de milhares de crist\u00e3os<\/strong><\/a>. \u201cH\u00e1 relatos de m\u00e9dicos e enfermeiros crist\u00e3os que foram deslocados para tratar de casos mais graves da Covid e n\u00e3o receberam EPI [equipamento de prote\u00e7\u00e3o individual] pelo simples fato de serem crist\u00e3os\u201d, lembrou.<\/p>\n\n\n\n<p>\u201cOrem pelos crist\u00e3os perseguidos, pois a sua ora\u00e7\u00e3o pode chegar aonde voc\u00ea n\u00e3o pode ir. A situa\u00e7\u00e3o vai ficar cada vez mais tensa e mais cr\u00edtica. Os&nbsp;<a href=\"https:\/\/guiame.com.br\/gospel\/mundo-cristao\/relatorio-da-portas-abertas-mostra-que-meninas-cristas-sao-tres-vezes-mais-vulneraveis.html\"><strong>dados da Portas Abertas<\/strong><\/a>&nbsp;confirmam isso. A Igreja Perseguida precisa de ajuda, contamos com o apoio de todos\u201d, pediu e finalizou Marco Cruz.<\/p>\n\n\n\n<p><br><\/p>\n","protected":false},"excerpt":{"rendered":"<p>\u00c9 alarmante o aumento do n\u00famero de crist\u00e3os perseguidos no mundo todo. Em 2013 eram 100 milh\u00f5es e, hoje, j\u00e1 s\u00e3o mais de 360 milh\u00f5es, conforme o Secret\u00e1rio Geral da Portas Abertas no Brasil,&nbsp;Marco Cruz. Em entrevista exclusiva ao\u00a0Guiame, ele disse que este \u00e9 o pior ano. \u201cN\u00f3s atingimos o maior n\u00edvel de persegui\u00e7\u00e3o desde [&hellip;]<\/p>\n","protected":false},"author":2,"featured_media":10343,"comment_status":"open","ping_status":"open","sticky":false,"template":"","format":"standard","meta":[],"categories":[5,1],"tags":[],"_links":{"self":[{"href":"https:\/\/dgospel.com.br\/portal\/index.php\/wp-json\/wp\/v2\/posts\/10342"}],"collection":[{"href":"https:\/\/dgospel.com.br\/portal\/index.php\/wp-json\/wp\/v2\/posts"}],"about":[{"href":"https:\/\/dgospel.com.br\/portal\/index.php\/wp-json\/wp\/v2\/types\/post"}],"author":[{"embeddable":true,"href":"https:\/\/dgospel.com.br\/portal\/index.php\/wp-json\/wp\/v2\/users\/2"}],"replies":[{"embeddable":true,"href":"https:\/\/dgospel.com.br\/portal\/index.php\/wp-json\/wp\/v2\/comments?post=10342"}],"version-history":[{"count":1,"href":"https:\/\/dgospel.com.br\/portal\/index.php\/wp-json\/wp\/v2\/posts\/10342\/revisions"}],"predecessor-version":[{"id":10344,"href":"https:\/\/dgospel.com.br\/portal\/index.php\/wp-json\/wp\/v2\/posts\/10342\/revisions\/10344"}],"wp:featuredmedia":[{"embeddable":true,"href":"https:\/\/dgospel.com.br\/portal\/index.php\/wp-json\/wp\/v2\/media\/10343"}],"wp:attachment":[{"href":"https:\/\/dgospel.com.br\/portal\/index.php\/wp-json\/wp\/v2\/media?parent=10342"}],"wp:term":[{"taxonomy":"category","embeddable":true,"href":"https:\/\/dgospel.com.br\/portal\/index.php\/wp-json\/wp\/v2\/categories?post=10342"},{"taxonomy":"post_tag","embeddable":true,"href":"https:\/\/dgospel.com.br\/portal\/index.php\/wp-json\/wp\/v2\/tags?post=10342"}],"curies":[{"name":"wp","href":"https:\/\/api.w.org\/{rel}","templated":true}]}}