{"id":10354,"date":"2022-01-27T12:21:52","date_gmt":"2022-01-27T15:21:52","guid":{"rendered":"http:\/\/dgospel.com.br\/portal\/?p=10354"},"modified":"2022-01-27T12:21:53","modified_gmt":"2022-01-27T15:21:53","slug":"aos-56-anos-morre-a-pastora-e-cantora-ludmila-ferber","status":"publish","type":"post","link":"https:\/\/dgospel.com.br\/portal\/index.php\/2022\/01\/27\/aos-56-anos-morre-a-pastora-e-cantora-ludmila-ferber\/","title":{"rendered":"Aos 56 anos, morre a pastora e cantora Ludmila Ferber"},"content":{"rendered":"\n<p> A pastora Ludmila Ferber, de 56 anos, morreu nesta quarta-feira (26). Ela lutava contra um c\u00e2ncer de pulm\u00e3o, diagnosticado em 2018, que gerou met\u00e1stase no f\u00edgado e nos ossos, e estava internada para um novo tratamento h\u00e1 alguns dias. A informa\u00e7\u00e3o foi confirmada pela nossa reportagem com amigos pr\u00f3ximos. <\/p>\n\n\n\n<p> Ao longo dos tratamentos que fez, a pastora sempre se mostrou otimista, confiante e compartilhou alguns momentos em suas redes sociais. <\/p>\n\n\n\n<p>Em 2018, a cantora deu uma entrevista exclusiva ao&nbsp;<strong>Pleno.News<\/strong>&nbsp;e falou sobre a descoberta da doen\u00e7a.<\/p>\n\n\n\n<p>\u2013 Eu me submeti a uma bi\u00f3psia no pulm\u00e3o, e receber a not\u00edcia foi um choque. A vida da gente fica de pernas para o ar. \u00c9 dif\u00edcil de explicar. S\u00f3 entende quem passa por uma situa\u00e7\u00e3o dessa, seja com voc\u00ea mesmo ou com algu\u00e9m que voc\u00ea ama demais. Nessa situa\u00e7\u00e3o, voc\u00ea v\u00ea que precisa de um milagre sendo operado na sua vida ou na vida de quem voc\u00ea ama \u2013 contou.<\/p>\n\n\n\n<figure class=\"wp-block-image\"><img src=\"https:\/\/static.cdn.pleno.news\/2018\/06\/pastoraludmilaferber_33122546_584012781985384_6299213651534413824_n-1-e1528492332969-768x522.jpg\" alt=\"pastoraludmilaferber_33122546_584012781985384_6299213651534413824_n (1)\"\/><figcaption>A pastora tinha mais de 30 anos de minist\u00e9rio&nbsp;\/ Foto: Arquivo pessoal<\/figcaption><\/figure>\n\n\n\n<figure class=\"wp-block-image\"><img src=\"https:\/\/static.cdn.pleno.news\/2020\/07\/pastoraludmilaferber_109268149_1547972755383654_8600993423697699912_n-e1594859023326-768x487.jpg\" alt=\"Pastora Ludmila Ferber\"\/><figcaption>Ludmila Ferber fez hist\u00f3ria na m\u00fasica gospel&nbsp;\/ Foto: Arquivo pessoal<\/figcaption><\/figure>\n\n\n\n<figure class=\"wp-block-image\"><img src=\"https:\/\/static.cdn.pleno.news\/2020\/05\/Ludmila-Ferber-e-as-filhas-Daniela-Vanessa-e-Ana-L%C3%ADdia-768x768.jpg\" alt=\"Ludmila Ferber e as filhas Daniela, Vanessa e Ana L\u00eddia\"\/><figcaption>Ludmila Ferber e as filhas Daniela, Vanessa e Ana L\u00eddia&nbsp;\/ Foto: Arquivo pessoal<\/figcaption><\/figure>\n\n\n\n<figure class=\"wp-block-image\"><img src=\"https:\/\/static.cdn.pleno.news\/2018\/10\/DSC_5917-768x509.jpg\" alt=\"Saiba como foi o retorno de Ludmila Ferber aos p\u00falpitos\"\/><figcaption>Ap\u00f3s 6 meses de tratamento, Ludmila voltou aos palcos&nbsp;\/ Foto: Kelly Santos<\/figcaption><\/figure>\n\n\n\n<figure class=\"wp-block-image\"><img src=\"https:\/\/static.cdn.pleno.news\/2018\/10\/DSC_5870-768x509.jpg\" alt=\"Saiba como foi o retorno de Ludmila Ferber aos p\u00falpitos\"\/><figcaption>Ap\u00f3s 6 meses de tratamento, Ludmila voltou aos palcos&nbsp;\/ Foto: Kelly Santos<\/figcaption><\/figure>\n\n\n\n<figure class=\"wp-block-image\"><img src=\"https:\/\/static.cdn.pleno.news\/2018\/10\/DSC_5862-e1540217085713-768x449.jpg\" alt=\"Saiba como foi o retorno de Ludmila Ferber aos p\u00falpitos\"\/><figcaption>Ap\u00f3s 6 meses de tratamento, Ludmila voltou aos palcos&nbsp;\/ Foto: Kelly Santos<\/figcaption><\/figure>\n\n\n\n<figure class=\"wp-block-image\"><img src=\"https:\/\/static.cdn.pleno.news\/2018\/10\/DSC_5850-768x509.jpg\" alt=\"Saiba como foi o retorno de Ludmila Ferber aos p\u00falpitos\"\/><figcaption>Ap\u00f3s 6 meses de tratamento, Ludmila voltou aos palcos&nbsp;\/ Foto: Kelly Santos<\/figcaption><\/figure>\n\n\n\n<figure class=\"wp-block-image\"><img src=\"https:\/\/static.cdn.pleno.news\/2018\/10\/DSC_5843-1-768x509.jpg\" alt=\"Saiba como foi o retorno de Ludmila Ferber aos p\u00falpitos\"\/><figcaption>Ap\u00f3s 6 meses de tratamento, Ludmila voltou aos palcos&nbsp;\/ Foto: Kelly Santos<\/figcaption><\/figure>\n\n\n\n<figure class=\"wp-block-image\"><img src=\"https:\/\/static.cdn.pleno.news\/2018\/09\/pastoraludmilaferber_39397345_253868608802211_1396233523639091200_n.jpg\" alt=\"Mesmo enfrentando um c\u00e2ncer, Ludmila entrou em est\u00fadio para gravar CD\"\/><figcaption>Ludmila e a amiga Fernanda Brum&nbsp;\/ Foto: Reprodu\u00e7\u00e3o<\/figcaption><\/figure>\n\n\n\n<figure class=\"wp-block-image\"><img src=\"https:\/\/static.cdn.pleno.news\/2018\/09\/jozyanne_39790068_722259384789048_8703539831348658176_n-768x768.jpg\" alt=\"Ludmila Ferber recebe homenagens de suas backing vocals\"\/><figcaption>Ludmila Ferber, Jozyanne e Lilian Azevedo&nbsp;\/ Foto: Reprodu\u00e7\u00e3o Instagram<\/figcaption><\/figure>\n\n\n\n<figure class=\"wp-block-image\"><img src=\"https:\/\/static.cdn.pleno.news\/2018\/08\/pastoraludmilaferber_38999747_505901099834489_3230625892690558976_n-1-e1545324228338.jpg\" alt=\"Mesmo enfrentando um c\u00e2ncer, Ludmila entrou em est\u00fadio para gravar CD\"\/><figcaption>Ludmila em est\u00fadio, em 2018&nbsp;\/ Foto: Reprodu\u00e7\u00e3o<\/figcaption><\/figure>\n\n\n\n<figure class=\"wp-block-image\"><img src=\"https:\/\/static.cdn.pleno.news\/2018\/08\/pastoraludmilaferber_39040772_2169027526502811_5468074837660401664_n-768x768.jpg\" alt=\"Ludmila em est\u00fadio para o novo projeto\"\/><figcaption>Ludmila em est\u00fadio, em 2018&nbsp;\/ Foto: Arquivo pessoal<\/figcaption><\/figure>\n\n\n\n<figure class=\"wp-block-image\"><img src=\"https:\/\/static.cdn.pleno.news\/2018\/08\/pastoraludmilaferber_36803861_233361167488371_4979798194964660224_n-1-e1535383491877-768x547.jpg\" alt=\"Ludmila com a amiga Eyshila\"\/><figcaption>Ludmila Ferber com a amiga Eyshila&nbsp;\/ Foto: Arquivo pessoal<\/figcaption><\/figure>\n\n\n\n<figure class=\"wp-block-image\"><img src=\"https:\/\/static.cdn.pleno.news\/2018\/08\/pastoraludmilaferber_36085521_935032376668650_845649640056422400_n-768x960.jpg\" alt=\"Ludmila brincando com a amiga Ana Paula Valad\u00e3o\"\/><figcaption>Ludmila brincando com a amiga Ana Paula Valad\u00e3o&nbsp;\/ Foto: Arquivo pessoal<\/figcaption><\/figure>\n\n\n\n<ul><li>1&nbsp;de 14<\/li><\/ul>\n\n\n\n<p>Com mais de 30 anos de carreira, Ludmila Ferber \u00e9 autora de can\u00e7\u00f5es que impactaram gera\u00e7\u00f5es. Entre suas composi\u00e7\u00f5es mais conhecidas est\u00e3o m\u00fasicas como&nbsp;<em>Nunca Pare de Lutar<\/em>&nbsp;e<em>&nbsp;Os Sonhos de Deus<\/em>.<\/p>\n","protected":false},"excerpt":{"rendered":"<p>A pastora Ludmila Ferber, de 56 anos, morreu nesta quarta-feira (26). Ela lutava contra um c\u00e2ncer de pulm\u00e3o, diagnosticado em 2018, que gerou met\u00e1stase no f\u00edgado e nos ossos, e estava internada para um novo tratamento h\u00e1 alguns dias. A informa\u00e7\u00e3o foi confirmada pela nossa reportagem com amigos pr\u00f3ximos. Ao longo dos tratamentos que fez, [&hellip;]<\/p>\n","protected":false},"author":2,"featured_media":10355,"comment_status":"open","ping_status":"open","sticky":false,"template":"","format":"standard","meta":[],"categories":[17,5],"tags":[],"_links":{"self":[{"href":"https:\/\/dgospel.com.br\/portal\/index.php\/wp-json\/wp\/v2\/posts\/10354"}],"collection":[{"href":"https:\/\/dgospel.com.br\/portal\/index.php\/wp-json\/wp\/v2\/posts"}],"about":[{"href":"https:\/\/dgospel.com.br\/portal\/index.php\/wp-json\/wp\/v2\/types\/post"}],"author":[{"embeddable":true,"href":"https:\/\/dgospel.com.br\/portal\/index.php\/wp-json\/wp\/v2\/users\/2"}],"replies":[{"embeddable":true,"href":"https:\/\/dgospel.com.br\/portal\/index.php\/wp-json\/wp\/v2\/comments?post=10354"}],"version-history":[{"count":1,"href":"https:\/\/dgospel.com.br\/portal\/index.php\/wp-json\/wp\/v2\/posts\/10354\/revisions"}],"predecessor-version":[{"id":10356,"href":"https:\/\/dgospel.com.br\/portal\/index.php\/wp-json\/wp\/v2\/posts\/10354\/revisions\/10356"}],"wp:featuredmedia":[{"embeddable":true,"href":"https:\/\/dgospel.com.br\/portal\/index.php\/wp-json\/wp\/v2\/media\/10355"}],"wp:attachment":[{"href":"https:\/\/dgospel.com.br\/portal\/index.php\/wp-json\/wp\/v2\/media?parent=10354"}],"wp:term":[{"taxonomy":"category","embeddable":true,"href":"https:\/\/dgospel.com.br\/portal\/index.php\/wp-json\/wp\/v2\/categories?post=10354"},{"taxonomy":"post_tag","embeddable":true,"href":"https:\/\/dgospel.com.br\/portal\/index.php\/wp-json\/wp\/v2\/tags?post=10354"}],"curies":[{"name":"wp","href":"https:\/\/api.w.org\/{rel}","templated":true}]}}