{"id":10358,"date":"2022-01-27T15:26:57","date_gmt":"2022-01-27T18:26:57","guid":{"rendered":"http:\/\/dgospel.com.br\/portal\/?p=10358"},"modified":"2022-01-27T15:26:58","modified_gmt":"2022-01-27T18:26:58","slug":"bolsonaro-autoriza-aumento-de-cerca-de-33-para-professores","status":"publish","type":"post","link":"https:\/\/dgospel.com.br\/portal\/index.php\/2022\/01\/27\/bolsonaro-autoriza-aumento-de-cerca-de-33-para-professores\/","title":{"rendered":"Bolsonaro autoriza aumento de cerca de 33% para professores"},"content":{"rendered":"\n<p>O presidente&nbsp;<a href=\"http:\/\/pleno.news\/tag\/jair-bolsonaro\" target=\"_blank\" rel=\"noreferrer noopener\">Jair Bolsonaro<\/a>&nbsp;afirmou a apoiadores na entrada do Pal\u00e1cio da Alvorada, na noite desta quarta-feira (26), que vai \u201cseguir a lei\u201d que pode levar a um reajuste salarial de 33% para professores de todo o pa\u00eds, pagos por estados e munic\u00edpios.<\/p>\n\n\n\n<p>Pela Lei do Magist\u00e9rio, o reajuste de professores \u00e9 atrelado ao chamado valor por aluno, do Fundo de Manuten\u00e7\u00e3o e Desenvolvimento da Educa\u00e7\u00e3o B\u00e1sica e de Valoriza\u00e7\u00e3o dos Profissionais da Educa\u00e7\u00e3o (<a rel=\"noreferrer noopener\" href=\"http:\/\/pleno.news\/tag\/fundeb\" target=\"_blank\">Fundeb<\/a>), definido pelo Minist\u00e9rio da Educa\u00e7\u00e3o. Pela varia\u00e7\u00e3o da infla\u00e7\u00e3o nos \u00faltimos dois anos, o reajuste do valor por aluno deve ser de 33% em 2022.<\/p>\n\n\n\n<p>\u2013 Vou seguir a lei. Governadores n\u00e3o querem 33%. Eu vou dar o m\u00e1ximo que a lei permite, que \u00e9 pr\u00f3ximo disso \u2013 disse Bolsonaro<\/p>\n\n\n\n<p>O embate citado por Bolsonaro com os gestores estaduais ocorre em raz\u00e3o do fato de que governadores e prefeitos pressionam o governo federal a tentar modificar a lei e o c\u00e1lculo do reajuste, como forma de evitar o reajuste dos professores e minimizar o impacto nos cofres de estados e munic\u00edpios.<br><\/p>\n\n\n\n<p>*Com informa\u00e7\u00f5es AE<\/p>\n","protected":false},"excerpt":{"rendered":"<p>O presidente&nbsp;Jair Bolsonaro&nbsp;afirmou a apoiadores na entrada do Pal\u00e1cio da Alvorada, na noite desta quarta-feira (26), que vai \u201cseguir a lei\u201d que pode levar a um reajuste salarial de 33% para professores de todo o pa\u00eds, pagos por estados e munic\u00edpios. Pela Lei do Magist\u00e9rio, o reajuste de professores \u00e9 atrelado ao chamado valor por [&hellip;]<\/p>\n","protected":false},"author":2,"featured_media":10359,"comment_status":"open","ping_status":"open","sticky":false,"template":"","format":"standard","meta":[],"categories":[4],"tags":[14],"_links":{"self":[{"href":"https:\/\/dgospel.com.br\/portal\/index.php\/wp-json\/wp\/v2\/posts\/10358"}],"collection":[{"href":"https:\/\/dgospel.com.br\/portal\/index.php\/wp-json\/wp\/v2\/posts"}],"about":[{"href":"https:\/\/dgospel.com.br\/portal\/index.php\/wp-json\/wp\/v2\/types\/post"}],"author":[{"embeddable":true,"href":"https:\/\/dgospel.com.br\/portal\/index.php\/wp-json\/wp\/v2\/users\/2"}],"replies":[{"embeddable":true,"href":"https:\/\/dgospel.com.br\/portal\/index.php\/wp-json\/wp\/v2\/comments?post=10358"}],"version-history":[{"count":1,"href":"https:\/\/dgospel.com.br\/portal\/index.php\/wp-json\/wp\/v2\/posts\/10358\/revisions"}],"predecessor-version":[{"id":10360,"href":"https:\/\/dgospel.com.br\/portal\/index.php\/wp-json\/wp\/v2\/posts\/10358\/revisions\/10360"}],"wp:featuredmedia":[{"embeddable":true,"href":"https:\/\/dgospel.com.br\/portal\/index.php\/wp-json\/wp\/v2\/media\/10359"}],"wp:attachment":[{"href":"https:\/\/dgospel.com.br\/portal\/index.php\/wp-json\/wp\/v2\/media?parent=10358"}],"wp:term":[{"taxonomy":"category","embeddable":true,"href":"https:\/\/dgospel.com.br\/portal\/index.php\/wp-json\/wp\/v2\/categories?post=10358"},{"taxonomy":"post_tag","embeddable":true,"href":"https:\/\/dgospel.com.br\/portal\/index.php\/wp-json\/wp\/v2\/tags?post=10358"}],"curies":[{"name":"wp","href":"https:\/\/api.w.org\/{rel}","templated":true}]}}