{"id":10361,"date":"2022-01-27T15:46:49","date_gmt":"2022-01-27T18:46:49","guid":{"rendered":"http:\/\/dgospel.com.br\/portal\/?p=10361"},"modified":"2022-01-27T15:46:50","modified_gmt":"2022-01-27T18:46:50","slug":"deveremos-ter-novas-variantes-em-2022-diz-diretora-da-oms","status":"publish","type":"post","link":"https:\/\/dgospel.com.br\/portal\/index.php\/2022\/01\/27\/deveremos-ter-novas-variantes-em-2022-diz-diretora-da-oms\/","title":{"rendered":"Deveremos ter novas variantes em 2022, diz diretora da OMS"},"content":{"rendered":"\n<p>Apesar do avan\u00e7o da variante \u00d4micron da Covid-19, esta nova cepa n\u00e3o deve ser a \u00faltima que o mundo dever\u00e1 enfrentar. Isto \u00e9 o que acredita a diretora da Organiza\u00e7\u00e3o Mundial da Sa\u00fade (OMS), Mari\u00e2ngela Sim\u00e3o, que disse, nesta quinta-feira (27), considerar que novas variantes da Covid-19 devem aparecer ao longo de 2022.<\/p>\n\n\n\n<p>Durante o webinar do Global New Economy Forum, a diretora explicou que a OMS n\u00e3o v\u00ea base cient\u00edfica para que considerar que a \u00d4micron \u00e9 a \u00faltima variante.<\/p>\n\n\n\n<p>\u2013 Algumas pessoas est\u00e3o falando que esta [\u00d4micron] \u00e9 a \u00faltima variante porque \u00e9 altamente transmiss\u00edvel. A OMS refor\u00e7a que n\u00e3o h\u00e1 base cient\u00edfica neste momento para supor isso. \u00c9 a \u00faltima variante que foi identificada, mas \u00e9 muito prov\u00e1vel que teremos novas variantes ao longo do ano \u2013 apontou.<\/p>\n\n\n\n<p>Mari\u00e2ngela Sim\u00e3o tamb\u00e9m apontou que n\u00e3o \u00e9 hora do mundo parar o que est\u00e1 fazendo no combate \u00e0 doen\u00e7a.<\/p>\n\n\n\n<p>\u2013 O que sabemos da \u00d4micron \u00e9 que ela \u00e9 altamente transmiss\u00edvel, mais do que o v\u00edrus inicial e a variante Delta. Em rela\u00e7\u00e3o \u00e0 gravidade da doen\u00e7a, h\u00e1 um indicativo de que ela seja menos grave, mas pode ser por causa da alta cobertura vacinal em muitos pa\u00edses \u2013 destacou.<\/p>\n","protected":false},"excerpt":{"rendered":"<p>Apesar do avan\u00e7o da variante \u00d4micron da Covid-19, esta nova cepa n\u00e3o deve ser a \u00faltima que o mundo dever\u00e1 enfrentar. Isto \u00e9 o que acredita a diretora da Organiza\u00e7\u00e3o Mundial da Sa\u00fade (OMS), Mari\u00e2ngela Sim\u00e3o, que disse, nesta quinta-feira (27), considerar que novas variantes da Covid-19 devem aparecer ao longo de 2022. Durante o [&hellip;]<\/p>\n","protected":false},"author":2,"featured_media":10362,"comment_status":"open","ping_status":"open","sticky":false,"template":"","format":"standard","meta":[],"categories":[4],"tags":[],"_links":{"self":[{"href":"https:\/\/dgospel.com.br\/portal\/index.php\/wp-json\/wp\/v2\/posts\/10361"}],"collection":[{"href":"https:\/\/dgospel.com.br\/portal\/index.php\/wp-json\/wp\/v2\/posts"}],"about":[{"href":"https:\/\/dgospel.com.br\/portal\/index.php\/wp-json\/wp\/v2\/types\/post"}],"author":[{"embeddable":true,"href":"https:\/\/dgospel.com.br\/portal\/index.php\/wp-json\/wp\/v2\/users\/2"}],"replies":[{"embeddable":true,"href":"https:\/\/dgospel.com.br\/portal\/index.php\/wp-json\/wp\/v2\/comments?post=10361"}],"version-history":[{"count":1,"href":"https:\/\/dgospel.com.br\/portal\/index.php\/wp-json\/wp\/v2\/posts\/10361\/revisions"}],"predecessor-version":[{"id":10363,"href":"https:\/\/dgospel.com.br\/portal\/index.php\/wp-json\/wp\/v2\/posts\/10361\/revisions\/10363"}],"wp:featuredmedia":[{"embeddable":true,"href":"https:\/\/dgospel.com.br\/portal\/index.php\/wp-json\/wp\/v2\/media\/10362"}],"wp:attachment":[{"href":"https:\/\/dgospel.com.br\/portal\/index.php\/wp-json\/wp\/v2\/media?parent=10361"}],"wp:term":[{"taxonomy":"category","embeddable":true,"href":"https:\/\/dgospel.com.br\/portal\/index.php\/wp-json\/wp\/v2\/categories?post=10361"},{"taxonomy":"post_tag","embeddable":true,"href":"https:\/\/dgospel.com.br\/portal\/index.php\/wp-json\/wp\/v2\/tags?post=10361"}],"curies":[{"name":"wp","href":"https:\/\/api.w.org\/{rel}","templated":true}]}}