{"id":10367,"date":"2022-01-28T16:18:22","date_gmt":"2022-01-28T19:18:22","guid":{"rendered":"http:\/\/dgospel.com.br\/portal\/?p=10367"},"modified":"2022-01-28T16:18:23","modified_gmt":"2022-01-28T19:18:23","slug":"governo-dara-enfase-total-ao-emprego-e-combate-a-inflacao","status":"publish","type":"post","link":"https:\/\/dgospel.com.br\/portal\/index.php\/2022\/01\/28\/governo-dara-enfase-total-ao-emprego-e-combate-a-inflacao\/","title":{"rendered":"\u2018Governo dar\u00e1 \u00eanfase total ao emprego e combate \u00e0 infla\u00e7\u00e3o\u2019"},"content":{"rendered":"\n<p> O presidente da Rep\u00fablica, Jair Bolsonaro, afirmou nesta sexta-feira (28) que o governo federal dar\u00e1 \u201c\u00eanfase total\u201d \u00e0 gera\u00e7\u00e3o de empregos e ao combate \u00e0 infla\u00e7\u00e3o em 2022. <\/p>\n\n\n\n<p> A declara\u00e7\u00e3o foi dada por ele na cerim\u00f4nia de lan\u00e7amento do Programa Nacional de Servi\u00e7o Civil Volunt\u00e1rio, no Pal\u00e1cio do Planalto, feito via Medida Provis\u00f3ria (MP) assinada mais cedo. <\/p>\n\n\n\n<p>Em parceria com o Sistema S, o programa, com dura\u00e7\u00e3o prevista at\u00e9 31 de dezembro deste ano, visa oferecer vagas de emprego e cursos de qualifica\u00e7\u00e3o para jovens entre 18 e 29 anos e trabalhadores acima de 50 anos.<\/p>\n\n\n\n<p>De acordo com nota enviada na manh\u00e3 desta sexta \u00e0 imprensa pela Secretaria-Geral da Presid\u00eancia, os munic\u00edpios que optarem por aderir ao Programa Nacional de Servi\u00e7o Civil Volunt\u00e1rio ser\u00e3o respons\u00e1veis pela organiza\u00e7\u00e3o das atividades.<\/p>\n\n\n\n<p>Durante seu discurso, Bolsonaro relembrou medidas tomadas pelo Executivo, como o aux\u00edlio emergencial e a prorroga\u00e7\u00e3o da desonera\u00e7\u00e3o da folha de pagamento de 17 setores da economia.<\/p>\n\n\n\n<p>\u2013 Muitas medidas foram tomadas e outras est\u00e3o em vias de serem externadas. O Brasil n\u00e3o est\u00e1 bem. Mas, estando bem, todos estaremos \u2013 declarou o presidente.<\/p>\n\n\n\n<p>O chefe do Executivo tamb\u00e9m voltou a criticar os governos anteriores e disse que \u201ch\u00e1 pouco tempo, era comum voc\u00ea ter dois ou tr\u00eas esc\u00e2ndalos de corrup\u00e7\u00e3o\u201d.<\/p>\n\n\n\n<p>No palco da cerim\u00f4nia, estava o presidente do novo partido de Bolsonaro, o PL, Valdemar Costa Neto.<\/p>\n\n\n\n<p>*AE<\/p>\n","protected":false},"excerpt":{"rendered":"<p>O presidente da Rep\u00fablica, Jair Bolsonaro, afirmou nesta sexta-feira (28) que o governo federal dar\u00e1 \u201c\u00eanfase total\u201d \u00e0 gera\u00e7\u00e3o de empregos e ao combate \u00e0 infla\u00e7\u00e3o em 2022. A declara\u00e7\u00e3o foi dada por ele na cerim\u00f4nia de lan\u00e7amento do Programa Nacional de Servi\u00e7o Civil Volunt\u00e1rio, no Pal\u00e1cio do Planalto, feito via Medida Provis\u00f3ria (MP) assinada [&hellip;]<\/p>\n","protected":false},"author":2,"featured_media":10368,"comment_status":"open","ping_status":"open","sticky":false,"template":"","format":"standard","meta":[],"categories":[4],"tags":[13],"_links":{"self":[{"href":"https:\/\/dgospel.com.br\/portal\/index.php\/wp-json\/wp\/v2\/posts\/10367"}],"collection":[{"href":"https:\/\/dgospel.com.br\/portal\/index.php\/wp-json\/wp\/v2\/posts"}],"about":[{"href":"https:\/\/dgospel.com.br\/portal\/index.php\/wp-json\/wp\/v2\/types\/post"}],"author":[{"embeddable":true,"href":"https:\/\/dgospel.com.br\/portal\/index.php\/wp-json\/wp\/v2\/users\/2"}],"replies":[{"embeddable":true,"href":"https:\/\/dgospel.com.br\/portal\/index.php\/wp-json\/wp\/v2\/comments?post=10367"}],"version-history":[{"count":1,"href":"https:\/\/dgospel.com.br\/portal\/index.php\/wp-json\/wp\/v2\/posts\/10367\/revisions"}],"predecessor-version":[{"id":10369,"href":"https:\/\/dgospel.com.br\/portal\/index.php\/wp-json\/wp\/v2\/posts\/10367\/revisions\/10369"}],"wp:featuredmedia":[{"embeddable":true,"href":"https:\/\/dgospel.com.br\/portal\/index.php\/wp-json\/wp\/v2\/media\/10368"}],"wp:attachment":[{"href":"https:\/\/dgospel.com.br\/portal\/index.php\/wp-json\/wp\/v2\/media?parent=10367"}],"wp:term":[{"taxonomy":"category","embeddable":true,"href":"https:\/\/dgospel.com.br\/portal\/index.php\/wp-json\/wp\/v2\/categories?post=10367"},{"taxonomy":"post_tag","embeddable":true,"href":"https:\/\/dgospel.com.br\/portal\/index.php\/wp-json\/wp\/v2\/tags?post=10367"}],"curies":[{"name":"wp","href":"https:\/\/api.w.org\/{rel}","templated":true}]}}