{"id":1037,"date":"2018-08-17T00:45:16","date_gmt":"2018-08-17T03:45:16","guid":{"rendered":"http:\/\/dgospel.com.br\/portal\/?p=1037"},"modified":"2018-08-17T00:45:16","modified_gmt":"2018-08-17T03:45:16","slug":"pastor-irancildo-nunes-serra-registra-candidatura-a-deputado-estadual","status":"publish","type":"post","link":"https:\/\/dgospel.com.br\/portal\/index.php\/2018\/08\/17\/pastor-irancildo-nunes-serra-registra-candidatura-a-deputado-estadual\/","title":{"rendered":"Pastor Irancildo Nunes Serra registra candidatura a deputado estadual"},"content":{"rendered":"<p>O Pastor Irancildo Nunes Serra, registrou nesta quarta-feira, 15, a sua candidatura a deputado estadual para as elei\u00e7\u00f5es de 2018. Ao <strong>Di\u00e1rio Gospel, <\/strong>Irancildo disse estar otimista na disputa por uma cadeira na Assembleia Legislativa do Tocantins.<\/p>\n<p>\u201cNesse momento em que os pol\u00edticos est\u00e3o desacreditados, estou colocando o meu nome \u00e0 disposi\u00e7\u00e3o do povo tocantinense para uma renova\u00e7\u00e3o no Legislativo Estadual. Estou otimista neste projeto, pois veja que o povo quer uma renova\u00e7\u00e3o na pol\u00edtica\u201d, disse.<\/p>\n<p>Com o prop\u00f3sito de representar os servidores p\u00fablicos do estado, os trabalhadores da iniciativa privada, os evang\u00e9licos e cat\u00f3licos do Tocantins, pastor Irancildo quer mostrar para todos os brasileiros que \u00e9 poss\u00edvel ser um servo de Deus, pol\u00edtico e honesto neste pais.<\/p>\n<p>Membro da Assembleia de Deus Ciadseta, no Aureny 3, Irancildo recebeu o aval do seu pastor, Jediel Lima, do pastor Paulo Martins, presidente da Conven\u00e7\u00e3o Interestadual das Assembleias de Deus do Seta (Ciadseta) e do ex-presidente da institui\u00e7\u00e3o e ex-deputado estadual, pastor Pedro Lima Santos<\/p>\n","protected":false},"excerpt":{"rendered":"<p>O Pastor Irancildo Nunes Serra, registrou nesta quarta-feira, 15, a sua candidatura a deputado estadual para as elei\u00e7\u00f5es de 2018. Ao Di\u00e1rio Gospel, Irancildo disse estar otimista na disputa por uma cadeira na Assembleia Legislativa do Tocantins. \u201cNesse momento em que os pol\u00edticos est\u00e3o desacreditados, estou colocando o meu nome \u00e0 disposi\u00e7\u00e3o do povo tocantinense [&hellip;]<\/p>\n","protected":false},"author":2,"featured_media":1038,"comment_status":"open","ping_status":"open","sticky":false,"template":"","format":"standard","meta":[],"categories":[2,4],"tags":[],"_links":{"self":[{"href":"https:\/\/dgospel.com.br\/portal\/index.php\/wp-json\/wp\/v2\/posts\/1037"}],"collection":[{"href":"https:\/\/dgospel.com.br\/portal\/index.php\/wp-json\/wp\/v2\/posts"}],"about":[{"href":"https:\/\/dgospel.com.br\/portal\/index.php\/wp-json\/wp\/v2\/types\/post"}],"author":[{"embeddable":true,"href":"https:\/\/dgospel.com.br\/portal\/index.php\/wp-json\/wp\/v2\/users\/2"}],"replies":[{"embeddable":true,"href":"https:\/\/dgospel.com.br\/portal\/index.php\/wp-json\/wp\/v2\/comments?post=1037"}],"version-history":[{"count":1,"href":"https:\/\/dgospel.com.br\/portal\/index.php\/wp-json\/wp\/v2\/posts\/1037\/revisions"}],"predecessor-version":[{"id":1039,"href":"https:\/\/dgospel.com.br\/portal\/index.php\/wp-json\/wp\/v2\/posts\/1037\/revisions\/1039"}],"wp:featuredmedia":[{"embeddable":true,"href":"https:\/\/dgospel.com.br\/portal\/index.php\/wp-json\/wp\/v2\/media\/1038"}],"wp:attachment":[{"href":"https:\/\/dgospel.com.br\/portal\/index.php\/wp-json\/wp\/v2\/media?parent=1037"}],"wp:term":[{"taxonomy":"category","embeddable":true,"href":"https:\/\/dgospel.com.br\/portal\/index.php\/wp-json\/wp\/v2\/categories?post=1037"},{"taxonomy":"post_tag","embeddable":true,"href":"https:\/\/dgospel.com.br\/portal\/index.php\/wp-json\/wp\/v2\/tags?post=1037"}],"curies":[{"name":"wp","href":"https:\/\/api.w.org\/{rel}","templated":true}]}}