{"id":10370,"date":"2022-01-29T12:48:37","date_gmt":"2022-01-29T15:48:37","guid":{"rendered":"http:\/\/dgospel.com.br\/portal\/?p=10370"},"modified":"2022-01-29T12:48:38","modified_gmt":"2022-01-29T15:48:38","slug":"estudo-mostra-franca-recuperacao-do-mercado-de-trabalho-tocantinense-em-meio-a-pandemia","status":"publish","type":"post","link":"https:\/\/dgospel.com.br\/portal\/index.php\/2022\/01\/29\/estudo-mostra-franca-recuperacao-do-mercado-de-trabalho-tocantinense-em-meio-a-pandemia\/","title":{"rendered":"Estudo mostra franca recupera\u00e7\u00e3o do mercado de trabalho tocantinense em meio \u00e0 pandemia"},"content":{"rendered":"\n<p>A Ger\u00eancia de Planejamento, Monitoramento e Avalia\u00e7\u00e3o, da Secretaria de Estado do Trabalho e Desenvolvimento Social (Setas) e do Sistema Nacional de Empregos (Sine), realizou um estudo baseado nos dados do Instituto Brasileiro de Geografia e Estat\u00edstica (IBGE), Cadastro Geral de Empregados e Desempregados (Caged) e Base de Gest\u00e3o da Intermedia\u00e7\u00e3o de M\u00e3o de Obra (BG-IMO) e identificou os per\u00edodos durante a pandemia da covid-19 em que o mercado de trabalho tocantinense mais foi afetado. Estudo constatou, ainda, a franca recupera\u00e7\u00e3o do mercado com melhorias na ocupa\u00e7\u00e3o de trabalhadores a partir do 3\u00b0 trimestre de 2021.<\/p>\n\n\n\n<p>Ao avaliar a taxa de desocupa\u00e7\u00e3o anual no Tocantins entre 2018 e 2021, percebeu-se que o primeiro e segundo trimestre de 2021 foram os mais afetados, registrando-se a marca hist\u00f3rica de 17,1% seguido de 15,8%. Contudo, no terceiro trimestre de 2021, esse n\u00famero volta a se estabilizar na casa dos 9% a 12%. Para o gerente respons\u00e1vel pelo estudo, Rairivaldo Novaes,&nbsp;a referida estabilidade \u00e9 sinal de que o mercado de trabalho tocantinense est\u00e1 em franca recupera\u00e7\u00e3o. \u201cAo organizar os dados em um gr\u00e1fico, percebemos que, no quarto trimestre de 2019, a taxa de desocupa\u00e7\u00e3o no Tocantins era de 9,3%, a curva oscilou nos \u00faltimos dois anos com os picos comentados, mas no terceiro trimestre de 2021 volta a casa dos 9% a 12%\u201d, explica o gerente.<\/p>\n\n\n\n<p>Para o secret\u00e1rio do Setas, Jos\u00e9 Messias Ara\u00fajo, muitos t\u00eam sido os esfor\u00e7os do Governo do Tocantins para minimizar os impactos da pandemia desde o seu in\u00edcio, em mar\u00e7o de 2021. \u201cMesmo com todas as medidas sanit\u00e1rias necess\u00e1rias, n\u00f3s procuramos assistir os trabalhadores tocantinenses seja com o seguro-desemprego, seja apoiando para retomar ao mercado ou ter acesso ao primeiro emprego\u201d, avalia o gestor.<\/p>\n\n\n\n<p>O estudo traz ainda um perfil do trabalhador desocupado no Tocantins. Quanto ao n\u00edvel de instru\u00e7\u00e3o, 49,8% tem n\u00edvel m\u00e9dio (completo ou incompleto), e 26,5% tem n\u00edvel fundamental (completo ou incompleto ou n\u00e3o tem instru\u00e7\u00e3o) e apenas 11,5% terminou o ensino superior. O gerente Rairivaldo destaca que quanto maior a escolariza\u00e7\u00e3o do indiv\u00edduo menor a probabilidade de desemprego de acordo com as pesquisas. \u201cO investimento correto e o acesso de todos \u00e0 educa\u00e7\u00e3o de qualidade continuam sendo a porta para uma sociedade com mais justi\u00e7a social e igualit\u00e1ria. A redu\u00e7\u00e3o do desemprego passa por essa seara\u201d, declara Rairivaldo.<\/p>\n\n\n\n<p><strong>Governo do Tocantins apoia o trabalhador<\/strong><\/p>\n\n\n\n<p>No que se refere ao trabalho formal, o Governo do Tocantins visa diminuir os caminhos entre quem deseja contratar e quem est\u00e1 a procura de um emprego. Para tanto, s\u00e3o oferecidos, por meio do Sine, uma s\u00e9rie de servi\u00e7os aos cidad\u00e3os como capacita\u00e7\u00e3o, intermedia\u00e7\u00e3o de m\u00e3o de obra, orienta\u00e7\u00f5es para carteira de trabalho digital, seguro-desemprego, entre outros.<\/p>\n\n\n\n<p>A operadora de caixa, Djeyne Kelly Ornelas Figueiredo, de 30 anos, conquistou sua vaga no mercado de trabalho em maio de 2021 com a intermedia\u00e7\u00e3o do Sine Tocantins. Ela estava h\u00e1 um ano desempregada quando ficou sabendo do Sistema por meio de uma amiga. Sobre o apoio ela comenta: \u201cA contribui\u00e7\u00e3o do Sine foi de grande import\u00e2ncia, pois abriu portas para o processo seletivo e de acordo com os requisitos exigidos pelo empregador o meu perfil se encaixou e fui selecionada\u201d, agradece a trabalhadora de Palmas.<\/p>\n\n\n\n<p>Diariamente, o Sine Tocantins oferece em m\u00e9dia 500 vagas de emprego em suas nove unidades no Estado. Devido \u00e0 pandemia da covid-19, os atendimentos acontecem de forma remota e o cidad\u00e3o pode acess\u00e1-los por meio dos seguintes canais; em Palmas, pelo WhatsApp: 3218-1957 ou e-mail:&nbsp;<a href=\"mailto:vagasinepalmas@gmail.com\">vagasinepalmas@gmail.com<\/a>; em Para\u00edso, pelo WhatsApp (63) 3602-3340 ou e-mail:&nbsp;<a href=\"mailto:vagasineparaiso@gmail.com\">vagasineparaiso@gmail.com<\/a>; e em Gurupi, pelo WhatsApp (63) 3351-2477 ou e-mail&nbsp;<a href=\"mailto:sinegurupivagas@hotmail.com\">sinegurupivagas@hotmail.com<\/a>.<\/p>\n\n\n\n<p>Nas mensagens enviadas a esses contatos, devem constar nome completo do interessado, n\u00famero do CPF e nome da m\u00e3e.<\/p>\n\n\n\n<p>Nas demais unidades do Sine, o contato s\u00f3 pode ser feito por telefone convencional e os n\u00fameros podem ser acessados no site da Setas&nbsp;<a href=\"https:\/\/setas.to.gov.br\/vagas-de-emprego\/contatos-do-sine-tocantins-\/\">https:\/\/setas.to.gov.br\/vagas-de-emprego\/contatos-do-sine-tocantins-\/<\/a>.<\/p>\n\n\n\n<figure class=\"wp-block-image\"><img src=\"https:\/\/central.to.gov.br\/image\/278022?w=670&amp;h=383\" alt=\"\"\/><\/figure>\n\n\n\n<p>Gr\u00e1fico mostra taxa de desocupa\u00e7\u00e3o no Tocantins no per\u00edodo de 2018 a 2021 &#8211; Setas\/Governo do Tocantins\n\n<\/p>\n","protected":false},"excerpt":{"rendered":"<p>A Ger\u00eancia de Planejamento, Monitoramento e Avalia\u00e7\u00e3o, da Secretaria de Estado do Trabalho e Desenvolvimento Social (Setas) e do Sistema Nacional de Empregos (Sine), realizou um estudo baseado nos dados do Instituto Brasileiro de Geografia e Estat\u00edstica (IBGE), Cadastro Geral de Empregados e Desempregados (Caged) e Base de Gest\u00e3o da Intermedia\u00e7\u00e3o de M\u00e3o de Obra [&hellip;]<\/p>\n","protected":false},"author":2,"featured_media":10371,"comment_status":"open","ping_status":"open","sticky":false,"template":"","format":"standard","meta":[],"categories":[3],"tags":[13],"_links":{"self":[{"href":"https:\/\/dgospel.com.br\/portal\/index.php\/wp-json\/wp\/v2\/posts\/10370"}],"collection":[{"href":"https:\/\/dgospel.com.br\/portal\/index.php\/wp-json\/wp\/v2\/posts"}],"about":[{"href":"https:\/\/dgospel.com.br\/portal\/index.php\/wp-json\/wp\/v2\/types\/post"}],"author":[{"embeddable":true,"href":"https:\/\/dgospel.com.br\/portal\/index.php\/wp-json\/wp\/v2\/users\/2"}],"replies":[{"embeddable":true,"href":"https:\/\/dgospel.com.br\/portal\/index.php\/wp-json\/wp\/v2\/comments?post=10370"}],"version-history":[{"count":1,"href":"https:\/\/dgospel.com.br\/portal\/index.php\/wp-json\/wp\/v2\/posts\/10370\/revisions"}],"predecessor-version":[{"id":10372,"href":"https:\/\/dgospel.com.br\/portal\/index.php\/wp-json\/wp\/v2\/posts\/10370\/revisions\/10372"}],"wp:featuredmedia":[{"embeddable":true,"href":"https:\/\/dgospel.com.br\/portal\/index.php\/wp-json\/wp\/v2\/media\/10371"}],"wp:attachment":[{"href":"https:\/\/dgospel.com.br\/portal\/index.php\/wp-json\/wp\/v2\/media?parent=10370"}],"wp:term":[{"taxonomy":"category","embeddable":true,"href":"https:\/\/dgospel.com.br\/portal\/index.php\/wp-json\/wp\/v2\/categories?post=10370"},{"taxonomy":"post_tag","embeddable":true,"href":"https:\/\/dgospel.com.br\/portal\/index.php\/wp-json\/wp\/v2\/tags?post=10370"}],"curies":[{"name":"wp","href":"https:\/\/api.w.org\/{rel}","templated":true}]}}