{"id":10376,"date":"2022-01-29T12:55:17","date_gmt":"2022-01-29T15:55:17","guid":{"rendered":"http:\/\/dgospel.com.br\/portal\/?p=10376"},"modified":"2022-01-29T12:55:18","modified_gmt":"2022-01-29T15:55:18","slug":"governador-wanderlei-barbosa-entrega-570-titulos-de-propriedades-para-familias-da-arso-131-na-capital","status":"publish","type":"post","link":"https:\/\/dgospel.com.br\/portal\/index.php\/2022\/01\/29\/governador-wanderlei-barbosa-entrega-570-titulos-de-propriedades-para-familias-da-arso-131-na-capital\/","title":{"rendered":"Governador Wanderlei Barbosa entrega 570 t\u00edtulos de propriedades para fam\u00edlias da Arso 131 na Capital"},"content":{"rendered":"\n<p>O governador em exerc\u00edcio do Estado do Tocantins, Wanderlei&nbsp; Barbosa, promove mais uma entrega de t\u00edtulos definitivos de propriedade para fam\u00edlias palmenses. Ser\u00e3o 570 t\u00edtulos entregues a moradores da Quadra Arso 131 (antiga 1.303 Sul). A solenidade de entrega ocorre neste domingo, 30, \u00e0s 9 horas, na Alameda 15, em frente \u00e0 rotat\u00f3ria central da quadra.<\/p>\n\n\n\n<p>Desde que assumiu a gest\u00e3o estadual, o governador Wanderlei Barbosa j\u00e1 promoveu a entrega de mais de 900 t\u00edtulos na Capital para moradores que h\u00e1 anos esperavam por essa regulariza\u00e7\u00e3o. No dia 18 novembro de 2021, foram entregues 350 t\u00edtulos para moradores de dez quadras da regi\u00e3o das Arnos, em Palmas. Em 26 de novembro, mais 603 foram entregues, contemplando fam\u00edlias dos jardins Aureny I, II, III e IV. O processo segue nas cidades do interior com a coleta de assinaturas e posterior emiss\u00e3o de t\u00edtulos.<\/p>\n\n\n\n<p>\u201cEnquanto gestor, \u00e9 uma satisfa\u00e7\u00e3o enorme fazer justi\u00e7a, esse resgate de cidadania, e proporcionar esses t\u00edtulos definitivos a essas fam\u00edlias que esperam h\u00e1 anos por isso. A nossa gest\u00e3o tem compromisso com a regulariza\u00e7\u00e3o fundi\u00e1ria nesse Estado e vai concretizar esse sonho n\u00e3o s\u00f3 na Capital, mas em v\u00e1rias cidades do Tocantins\u201d, ressalta o Governador.<\/p>\n\n\n\n<p>Na ocasi\u00e3o, ser\u00e3o respeitados todos os protocolos de preven\u00e7\u00e3o e combate \u00e0 covid-19, como uso de m\u00e1scaras e \u00e1lcool em gel.<\/p>\n","protected":false},"excerpt":{"rendered":"<p>O governador em exerc\u00edcio do Estado do Tocantins, Wanderlei&nbsp; Barbosa, promove mais uma entrega de t\u00edtulos definitivos de propriedade para fam\u00edlias palmenses. Ser\u00e3o 570 t\u00edtulos entregues a moradores da Quadra Arso 131 (antiga 1.303 Sul). A solenidade de entrega ocorre neste domingo, 30, \u00e0s 9 horas, na Alameda 15, em frente \u00e0 rotat\u00f3ria central da [&hellip;]<\/p>\n","protected":false},"author":2,"featured_media":10377,"comment_status":"open","ping_status":"open","sticky":false,"template":"","format":"standard","meta":[],"categories":[4],"tags":[13],"_links":{"self":[{"href":"https:\/\/dgospel.com.br\/portal\/index.php\/wp-json\/wp\/v2\/posts\/10376"}],"collection":[{"href":"https:\/\/dgospel.com.br\/portal\/index.php\/wp-json\/wp\/v2\/posts"}],"about":[{"href":"https:\/\/dgospel.com.br\/portal\/index.php\/wp-json\/wp\/v2\/types\/post"}],"author":[{"embeddable":true,"href":"https:\/\/dgospel.com.br\/portal\/index.php\/wp-json\/wp\/v2\/users\/2"}],"replies":[{"embeddable":true,"href":"https:\/\/dgospel.com.br\/portal\/index.php\/wp-json\/wp\/v2\/comments?post=10376"}],"version-history":[{"count":1,"href":"https:\/\/dgospel.com.br\/portal\/index.php\/wp-json\/wp\/v2\/posts\/10376\/revisions"}],"predecessor-version":[{"id":10378,"href":"https:\/\/dgospel.com.br\/portal\/index.php\/wp-json\/wp\/v2\/posts\/10376\/revisions\/10378"}],"wp:featuredmedia":[{"embeddable":true,"href":"https:\/\/dgospel.com.br\/portal\/index.php\/wp-json\/wp\/v2\/media\/10377"}],"wp:attachment":[{"href":"https:\/\/dgospel.com.br\/portal\/index.php\/wp-json\/wp\/v2\/media?parent=10376"}],"wp:term":[{"taxonomy":"category","embeddable":true,"href":"https:\/\/dgospel.com.br\/portal\/index.php\/wp-json\/wp\/v2\/categories?post=10376"},{"taxonomy":"post_tag","embeddable":true,"href":"https:\/\/dgospel.com.br\/portal\/index.php\/wp-json\/wp\/v2\/tags?post=10376"}],"curies":[{"name":"wp","href":"https:\/\/api.w.org\/{rel}","templated":true}]}}