{"id":10382,"date":"2022-01-31T11:58:53","date_gmt":"2022-01-31T14:58:53","guid":{"rendered":"http:\/\/dgospel.com.br\/portal\/?p=10382"},"modified":"2022-01-31T11:58:54","modified_gmt":"2022-01-31T14:58:54","slug":"no-rj-certidoes-de-nascimento-incluem-o-genero-nao-binarie","status":"publish","type":"post","link":"https:\/\/dgospel.com.br\/portal\/index.php\/2022\/01\/31\/no-rj-certidoes-de-nascimento-incluem-o-genero-nao-binarie\/","title":{"rendered":"No RJ, certid\u00f5es de nascimento incluem o g\u00eanero \u201cn\u00e3o binarie\u201d"},"content":{"rendered":"\n<p>Cidad\u00e3os do Rio de Janeiro agora poder\u00e3o ter uma \u201cnovidade\u201d na certid\u00e3o de nascimento. Ser\u00e1 poss\u00edvel definir agora o g\u00eanero \u201cn\u00e3o binarie\u201d. O termo ser\u00e1 utilizado nos documentos com a chamada linguagem neutra.<\/p>\n\n\n\n<p>A medida ocorre devido a uma iniciativa da Defensoria P\u00fablica do Rio de Janeiro (DPE-RJ), em parceria com a Justi\u00e7a Itinerante do Tribunal de Justi\u00e7a (TJ). At\u00e9 o momento, 47 pessoas foram \u201cbeneficiadas\u201d com a mudan\u00e7a do g\u00eanero em suas certid\u00f5es de nascimento.<\/p>\n\n\n\n<p>A a\u00e7\u00e3o foi tomada pela DPE em novembro e garantiu decis\u00f5es favor\u00e1veis a pessoas transg\u00eaneros e n\u00e3o bin\u00e1rias no sentido de modificarem seus registros de nascimento.<\/p>\n\n\n\n<p>Uma decis\u00e3o do Supremo Tribunal Federal (STF) em vigor desde 2017 permite que cart\u00f3rios fa\u00e7am a \u201crequalifica\u00e7\u00e3o civil\u201d sem necessidade de se acionar a Justi\u00e7a. No entanto, a medida n\u00e3o era estendida a pessoas \u201cn\u00e3o bin\u00e1rias\u201d.<\/p>\n\n\n\n<p>De acordo com o jornal O Globo, a DPE tamb\u00e9m pretende levar a mudan\u00e7a para a Carteira Nacional de Habilita\u00e7\u00e3o (CNH).<\/p>\n","protected":false},"excerpt":{"rendered":"<p>Cidad\u00e3os do Rio de Janeiro agora poder\u00e3o ter uma \u201cnovidade\u201d na certid\u00e3o de nascimento. Ser\u00e1 poss\u00edvel definir agora o g\u00eanero \u201cn\u00e3o binarie\u201d. O termo ser\u00e1 utilizado nos documentos com a chamada linguagem neutra. A medida ocorre devido a uma iniciativa da Defensoria P\u00fablica do Rio de Janeiro (DPE-RJ), em parceria com a Justi\u00e7a Itinerante do [&hellip;]<\/p>\n","protected":false},"author":2,"featured_media":10383,"comment_status":"open","ping_status":"open","sticky":false,"template":"","format":"standard","meta":[],"categories":[4],"tags":[14],"_links":{"self":[{"href":"https:\/\/dgospel.com.br\/portal\/index.php\/wp-json\/wp\/v2\/posts\/10382"}],"collection":[{"href":"https:\/\/dgospel.com.br\/portal\/index.php\/wp-json\/wp\/v2\/posts"}],"about":[{"href":"https:\/\/dgospel.com.br\/portal\/index.php\/wp-json\/wp\/v2\/types\/post"}],"author":[{"embeddable":true,"href":"https:\/\/dgospel.com.br\/portal\/index.php\/wp-json\/wp\/v2\/users\/2"}],"replies":[{"embeddable":true,"href":"https:\/\/dgospel.com.br\/portal\/index.php\/wp-json\/wp\/v2\/comments?post=10382"}],"version-history":[{"count":1,"href":"https:\/\/dgospel.com.br\/portal\/index.php\/wp-json\/wp\/v2\/posts\/10382\/revisions"}],"predecessor-version":[{"id":10384,"href":"https:\/\/dgospel.com.br\/portal\/index.php\/wp-json\/wp\/v2\/posts\/10382\/revisions\/10384"}],"wp:featuredmedia":[{"embeddable":true,"href":"https:\/\/dgospel.com.br\/portal\/index.php\/wp-json\/wp\/v2\/media\/10383"}],"wp:attachment":[{"href":"https:\/\/dgospel.com.br\/portal\/index.php\/wp-json\/wp\/v2\/media?parent=10382"}],"wp:term":[{"taxonomy":"category","embeddable":true,"href":"https:\/\/dgospel.com.br\/portal\/index.php\/wp-json\/wp\/v2\/categories?post=10382"},{"taxonomy":"post_tag","embeddable":true,"href":"https:\/\/dgospel.com.br\/portal\/index.php\/wp-json\/wp\/v2\/tags?post=10382"}],"curies":[{"name":"wp","href":"https:\/\/api.w.org\/{rel}","templated":true}]}}