{"id":10385,"date":"2022-01-31T12:03:37","date_gmt":"2022-01-31T15:03:37","guid":{"rendered":"http:\/\/dgospel.com.br\/portal\/?p=10385"},"modified":"2022-01-31T12:03:38","modified_gmt":"2022-01-31T15:03:38","slug":"ao-lado-de-cabo-daciolo-ciro-participa-de-culto-em-igreja","status":"publish","type":"post","link":"https:\/\/dgospel.com.br\/portal\/index.php\/2022\/01\/31\/ao-lado-de-cabo-daciolo-ciro-participa-de-culto-em-igreja\/","title":{"rendered":"Ao lado de Cabo Daciolo, Ciro participa de culto em igreja"},"content":{"rendered":"\n<p> Neste domingo (30), o presidenci\u00e1vel Ciro Gomes (PDT) usou as redes sociais para publicar fotos de sua participa\u00e7\u00e3o em um culto evang\u00e9lico. As imagens mostram que ele estava ao lado da esposa, Giselle, e do ex-deputado federal Cabo Daciolo. <\/p>\n\n\n\n<p> Na publica\u00e7\u00e3o, Ciro explicou que estava em Fortaleza. <\/p>\n\n\n\n<p>\u2013 Momento de f\u00e9 e medita\u00e7\u00e3o com Giselle e Cabo Daciolo no culto na Igreja do Senhor Jesus, em Fortaleza \u2013 escreveu.<\/p>\n\n\n\n<p>Daciolo publicou um v\u00eddeo do culto.<\/p>\n\n\n\n<p>\u2013 F\u00e9, esperan\u00e7a e amor \u2013 destacou ele na legenda.<\/p>\n\n\n\n<p>A alian\u00e7a entre os pol\u00edticos come\u00e7ou depois que o ex-deputado federal anunciou, em dezembro de 2021, que desistiu da pr\u00e9-candidatura \u00e0 Presid\u00eancia da Rep\u00fablica. Na ocasi\u00e3o, Daciolo declarou voto em Ciro.<br><\/p>\n\n\n\n<figure class=\"wp-block-image\"><img src=\"https:\/\/static.cdn.pleno.news\/2022\/01\/Screenshot-2022-01-31T100411.606.png\" alt=\"\" class=\"wp-image-885766\"\/><\/figure>\n\n\n\n<figure class=\"wp-block-image\"><img src=\"https:\/\/static.cdn.pleno.news\/2022\/01\/Screenshot-2022-01-31T100557.689.png\" alt=\"\" class=\"wp-image-885771\"\/><\/figure>\n","protected":false},"excerpt":{"rendered":"<p>Neste domingo (30), o presidenci\u00e1vel Ciro Gomes (PDT) usou as redes sociais para publicar fotos de sua participa\u00e7\u00e3o em um culto evang\u00e9lico. As imagens mostram que ele estava ao lado da esposa, Giselle, e do ex-deputado federal Cabo Daciolo. Na publica\u00e7\u00e3o, Ciro explicou que estava em Fortaleza. \u2013 Momento de f\u00e9 e medita\u00e7\u00e3o com Giselle [&hellip;]<\/p>\n","protected":false},"author":2,"featured_media":10386,"comment_status":"open","ping_status":"open","sticky":false,"template":"","format":"standard","meta":[],"categories":[4],"tags":[14],"_links":{"self":[{"href":"https:\/\/dgospel.com.br\/portal\/index.php\/wp-json\/wp\/v2\/posts\/10385"}],"collection":[{"href":"https:\/\/dgospel.com.br\/portal\/index.php\/wp-json\/wp\/v2\/posts"}],"about":[{"href":"https:\/\/dgospel.com.br\/portal\/index.php\/wp-json\/wp\/v2\/types\/post"}],"author":[{"embeddable":true,"href":"https:\/\/dgospel.com.br\/portal\/index.php\/wp-json\/wp\/v2\/users\/2"}],"replies":[{"embeddable":true,"href":"https:\/\/dgospel.com.br\/portal\/index.php\/wp-json\/wp\/v2\/comments?post=10385"}],"version-history":[{"count":1,"href":"https:\/\/dgospel.com.br\/portal\/index.php\/wp-json\/wp\/v2\/posts\/10385\/revisions"}],"predecessor-version":[{"id":10387,"href":"https:\/\/dgospel.com.br\/portal\/index.php\/wp-json\/wp\/v2\/posts\/10385\/revisions\/10387"}],"wp:featuredmedia":[{"embeddable":true,"href":"https:\/\/dgospel.com.br\/portal\/index.php\/wp-json\/wp\/v2\/media\/10386"}],"wp:attachment":[{"href":"https:\/\/dgospel.com.br\/portal\/index.php\/wp-json\/wp\/v2\/media?parent=10385"}],"wp:term":[{"taxonomy":"category","embeddable":true,"href":"https:\/\/dgospel.com.br\/portal\/index.php\/wp-json\/wp\/v2\/categories?post=10385"},{"taxonomy":"post_tag","embeddable":true,"href":"https:\/\/dgospel.com.br\/portal\/index.php\/wp-json\/wp\/v2\/tags?post=10385"}],"curies":[{"name":"wp","href":"https:\/\/api.w.org\/{rel}","templated":true}]}}