{"id":10388,"date":"2022-01-31T12:07:36","date_gmt":"2022-01-31T15:07:36","guid":{"rendered":"http:\/\/dgospel.com.br\/portal\/?p=10388"},"modified":"2022-01-31T12:07:36","modified_gmt":"2022-01-31T15:07:36","slug":"juiz-proibe-que-servidor-publico-seja-demitido-por-nao-se-vacinar","status":"publish","type":"post","link":"https:\/\/dgospel.com.br\/portal\/index.php\/2022\/01\/31\/juiz-proibe-que-servidor-publico-seja-demitido-por-nao-se-vacinar\/","title":{"rendered":"Juiz pro\u00edbe que servidor p\u00fablico seja demitido por n\u00e3o se vacinar"},"content":{"rendered":"\n<p>Uma decis\u00e3o da Justi\u00e7a Federal do&nbsp;<a href=\"http:\/\/pleno.news\/tag\/rio-de-janeiro\" target=\"_blank\" rel=\"noreferrer noopener\">Rio de Janeiro<\/a>&nbsp;proibiu que o Instituto Benjamin Constant, escola p\u00fablica federal localizada na capital fluminense que atende estudantes com defici\u00eancias visuais, pratique qualquer tipo de repres\u00e1lia, incluindo uma poss\u00edvel demiss\u00e3o, contra um servidor da institui\u00e7\u00e3o que n\u00e3o se vacinou contra a&nbsp;<a href=\"http:\/\/pleno.news\/tag\/covid-19\" target=\"_blank\" rel=\"noreferrer noopener\">Covid-19<\/a>.<\/p>\n\n\n\n<p>Na liminar, assinada pelo juiz Fabricio Fernandes de Castro, da 19\u00aa Vara Federal do Rio de Janeiro, o magistrado atendeu a um pedido do professor Marcelo Moreira de Souza, que justificava n\u00e3o ter se vacinado contra a Covid-19 em raz\u00e3o de recomenda\u00e7\u00e3o m\u00e9dica e da falta de uma obriga\u00e7\u00e3o prevista em lei a respeito da imuniza\u00e7\u00e3o.<\/p>\n\n\n\n<p>De acordo com o mandado de seguran\u00e7a impetrado por Marcelo, o professor destacou que, por fazer tratamento m\u00e9dico contra ansiedade, depress\u00e3o e labirintite, procurou um cl\u00ednico geral, que emitiu um laudo contraindicando a imuniza\u00e7\u00e3o do educador por conta das medica\u00e7\u00f5es controladas que ele utiliza e dos picos de press\u00e3o alta que sofre.<\/p>\n\n\n\n<p>Em sua decis\u00e3o, o juiz Fabricio de Castro atendeu o pedido e destacou que a vacina\u00e7\u00e3o n\u00e3o pode ser imposta \u00e0 popula\u00e7\u00e3o, visto que o Brasil n\u00e3o vive \u201cem um regime totalit\u00e1rio nazista ou comunista\u201d, mas sim \u201cem um estado democr\u00e1tico, no qual a liberdade \u00e9 premissa fundamental\u201d.<\/p>\n\n\n\n<p>\u2013 N\u00e3o estamos em um regime totalit\u00e1rio nazista ou comunista, com diversas experimenta\u00e7\u00f5es \u201ccient\u00edficas\u201d compuls\u00f3rias, como a hist\u00f3ria indica que j\u00e1 houve, mas sim em um estado democr\u00e1tico, no qual a liberdade \u00e9 premissa fundamental \u2013 relatou.<\/p>\n\n\n\n<p>O magistrado tamb\u00e9m ressaltou que a imposi\u00e7\u00e3o da vacina\u00e7\u00e3o representaria uma ofensa \u00e0 \u201cinviolabilidade do corpo humano\u201d, o que resultaria no descumprimento de algo que tem prote\u00e7\u00e3o da Constitui\u00e7\u00e3o. O juiz destacou ainda que h\u00e1 perda de liberdade com a vacina\u00e7\u00e3o compuls\u00f3ria.<\/p>\n\n\n\n<p>\u2013 A perda da liberdade \u00e9 a pena m\u00e1xima que o Estado Brasileiro aplica, e n\u00e3o se deve aplicar a cidad\u00e3os no exerc\u00edcio de vontades individuais, que em nada afetar\u00e3o a terceiros. Sobre o argumento de super lota\u00e7\u00e3o do sistema p\u00fablico de sa\u00fade em raz\u00e3o de n\u00e3o vacinados poderem adoecer de forma grave, \u00e9 importante frisar que a deteriora\u00e7\u00e3o do pr\u00f3prio corpo tamb\u00e9m \u00e9 uma liberdade \u2013 disse.<\/p>\n","protected":false},"excerpt":{"rendered":"<p>Uma decis\u00e3o da Justi\u00e7a Federal do&nbsp;Rio de Janeiro&nbsp;proibiu que o Instituto Benjamin Constant, escola p\u00fablica federal localizada na capital fluminense que atende estudantes com defici\u00eancias visuais, pratique qualquer tipo de repres\u00e1lia, incluindo uma poss\u00edvel demiss\u00e3o, contra um servidor da institui\u00e7\u00e3o que n\u00e3o se vacinou contra a&nbsp;Covid-19. Na liminar, assinada pelo juiz Fabricio Fernandes de Castro, [&hellip;]<\/p>\n","protected":false},"author":2,"featured_media":10389,"comment_status":"open","ping_status":"open","sticky":false,"template":"","format":"standard","meta":[],"categories":[4],"tags":[13],"_links":{"self":[{"href":"https:\/\/dgospel.com.br\/portal\/index.php\/wp-json\/wp\/v2\/posts\/10388"}],"collection":[{"href":"https:\/\/dgospel.com.br\/portal\/index.php\/wp-json\/wp\/v2\/posts"}],"about":[{"href":"https:\/\/dgospel.com.br\/portal\/index.php\/wp-json\/wp\/v2\/types\/post"}],"author":[{"embeddable":true,"href":"https:\/\/dgospel.com.br\/portal\/index.php\/wp-json\/wp\/v2\/users\/2"}],"replies":[{"embeddable":true,"href":"https:\/\/dgospel.com.br\/portal\/index.php\/wp-json\/wp\/v2\/comments?post=10388"}],"version-history":[{"count":1,"href":"https:\/\/dgospel.com.br\/portal\/index.php\/wp-json\/wp\/v2\/posts\/10388\/revisions"}],"predecessor-version":[{"id":10390,"href":"https:\/\/dgospel.com.br\/portal\/index.php\/wp-json\/wp\/v2\/posts\/10388\/revisions\/10390"}],"wp:featuredmedia":[{"embeddable":true,"href":"https:\/\/dgospel.com.br\/portal\/index.php\/wp-json\/wp\/v2\/media\/10389"}],"wp:attachment":[{"href":"https:\/\/dgospel.com.br\/portal\/index.php\/wp-json\/wp\/v2\/media?parent=10388"}],"wp:term":[{"taxonomy":"category","embeddable":true,"href":"https:\/\/dgospel.com.br\/portal\/index.php\/wp-json\/wp\/v2\/categories?post=10388"},{"taxonomy":"post_tag","embeddable":true,"href":"https:\/\/dgospel.com.br\/portal\/index.php\/wp-json\/wp\/v2\/tags?post=10388"}],"curies":[{"name":"wp","href":"https:\/\/api.w.org\/{rel}","templated":true}]}}