{"id":10391,"date":"2022-01-31T12:16:03","date_gmt":"2022-01-31T15:16:03","guid":{"rendered":"http:\/\/dgospel.com.br\/portal\/?p=10391"},"modified":"2022-01-31T12:16:04","modified_gmt":"2022-01-31T15:16:04","slug":"contas-do-governo-fecham-2021-com-menor-rombo-desde-2014","status":"publish","type":"post","link":"https:\/\/dgospel.com.br\/portal\/index.php\/2022\/01\/31\/contas-do-governo-fecham-2021-com-menor-rombo-desde-2014\/","title":{"rendered":"Contas do governo fecham 2021 com menor rombo desde 2014"},"content":{"rendered":"\n<p> Apesar de ainda estarem sendo impactadas pelos gastos para combater a pandemia de\u00a0<a rel=\"noreferrer noopener\" href=\"https:\/\/pleno.news\/tag\/covid-19\" target=\"_blank\">Covid-19<\/a>, as contas do governo federal registraram, em 2021, um d\u00e9ficit prim\u00e1rio de R$ 35,073 bilh\u00f5es. O valor \u00e9 o mais baixo desde 2014 e 95% menor que o rombo de R$ 743 bilh\u00f5es registrado em 2020, ano que foi o mais impactado pela pandemia. <\/p>\n\n\n\n<p> Os dados, que foram divulgados pela Secretaria do Tesouro Nacional (STN), fazem parte do chamado resultado prim\u00e1rio do Governo Central e incluem as contas do Tesouro Nacional, do\u00a0<a rel=\"noreferrer noopener\" href=\"https:\/\/pleno.news\/tag\/banco-central\" target=\"_blank\">Banco Central<\/a>\u00a0e da Previd\u00eancia Social, exclu\u00eddas as despesas com juros. <\/p>\n\n\n\n<p>Apesar do resultado ter sido deficit\u00e1rio no ano passado, o total ficou dentro da meta fiscal de R$ 247,118 bilh\u00f5es, determinada pela Lei Or\u00e7ament\u00e1ria Anual de 2021. Em uma transmiss\u00e3o ao vivo feita na sexta-feira (28), o ministro da Economia, Paulo Guedes, destacou que o resultado foi \u201cextraordin\u00e1rio\u201d.<\/p>\n\n\n\n<p>\u2013 O que temos agora \u00e9 um resultado extraordin\u00e1rio de um d\u00e9ficit prim\u00e1rio de 0,4% do PIB, R$ 35 bilh\u00f5es apenas \u2013 ressaltou.<\/p>\n\n\n\n<p>O chamado d\u00e9ficit ocorre quando as receitas do governo n\u00e3o s\u00e3o suficientes para cobrir as despesas p\u00fablicas do per\u00edodo. O que ocorreu em 2021 foi que, apesar de a arrecada\u00e7\u00e3o federal ter registrado recordes mensais desde maio, os resultados n\u00e3o conseguiram ser suficientes para que as contas p\u00fablicas encerrassem o ano no positivo.<\/p>\n","protected":false},"excerpt":{"rendered":"<p>Apesar de ainda estarem sendo impactadas pelos gastos para combater a pandemia de\u00a0Covid-19, as contas do governo federal registraram, em 2021, um d\u00e9ficit prim\u00e1rio de R$ 35,073 bilh\u00f5es. O valor \u00e9 o mais baixo desde 2014 e 95% menor que o rombo de R$ 743 bilh\u00f5es registrado em 2020, ano que foi o mais impactado [&hellip;]<\/p>\n","protected":false},"author":2,"featured_media":10392,"comment_status":"open","ping_status":"open","sticky":false,"template":"","format":"standard","meta":[],"categories":[4],"tags":[13,14],"_links":{"self":[{"href":"https:\/\/dgospel.com.br\/portal\/index.php\/wp-json\/wp\/v2\/posts\/10391"}],"collection":[{"href":"https:\/\/dgospel.com.br\/portal\/index.php\/wp-json\/wp\/v2\/posts"}],"about":[{"href":"https:\/\/dgospel.com.br\/portal\/index.php\/wp-json\/wp\/v2\/types\/post"}],"author":[{"embeddable":true,"href":"https:\/\/dgospel.com.br\/portal\/index.php\/wp-json\/wp\/v2\/users\/2"}],"replies":[{"embeddable":true,"href":"https:\/\/dgospel.com.br\/portal\/index.php\/wp-json\/wp\/v2\/comments?post=10391"}],"version-history":[{"count":1,"href":"https:\/\/dgospel.com.br\/portal\/index.php\/wp-json\/wp\/v2\/posts\/10391\/revisions"}],"predecessor-version":[{"id":10393,"href":"https:\/\/dgospel.com.br\/portal\/index.php\/wp-json\/wp\/v2\/posts\/10391\/revisions\/10393"}],"wp:featuredmedia":[{"embeddable":true,"href":"https:\/\/dgospel.com.br\/portal\/index.php\/wp-json\/wp\/v2\/media\/10392"}],"wp:attachment":[{"href":"https:\/\/dgospel.com.br\/portal\/index.php\/wp-json\/wp\/v2\/media?parent=10391"}],"wp:term":[{"taxonomy":"category","embeddable":true,"href":"https:\/\/dgospel.com.br\/portal\/index.php\/wp-json\/wp\/v2\/categories?post=10391"},{"taxonomy":"post_tag","embeddable":true,"href":"https:\/\/dgospel.com.br\/portal\/index.php\/wp-json\/wp\/v2\/tags?post=10391"}],"curies":[{"name":"wp","href":"https:\/\/api.w.org\/{rel}","templated":true}]}}