{"id":10397,"date":"2022-01-31T13:13:29","date_gmt":"2022-01-31T16:13:29","guid":{"rendered":"http:\/\/dgospel.com.br\/portal\/?p=10397"},"modified":"2022-01-31T13:13:29","modified_gmt":"2022-01-31T16:13:29","slug":"em-100-dias-de-governo-wanderlei-barbosa-investe-mais-de-r-410-milhoes-em-pagamentos-de-progressoes-data-base-e-vencimentos-dos-servidores-da-educacao","status":"publish","type":"post","link":"https:\/\/dgospel.com.br\/portal\/index.php\/2022\/01\/31\/em-100-dias-de-governo-wanderlei-barbosa-investe-mais-de-r-410-milhoes-em-pagamentos-de-progressoes-data-base-e-vencimentos-dos-servidores-da-educacao\/","title":{"rendered":"Em 100 dias de Governo, Wanderlei Barbosa investe mais de R$ 410 milh\u00f5es em pagamentos de progress\u00f5es, data-base e vencimentos dos servidores da Educa\u00e7\u00e3o"},"content":{"rendered":"\n<p>\n\n\u201cEsper\u00e1vamos ansiosos por essa valoriza\u00e7\u00e3o. Quando fomos atendidos e o dinheiro estava efetivamente depositado na nossa conta, foi uma alegria imensur\u00e1vel em toda a escola, porque j\u00e1 se tinha perdido a esperan\u00e7a de receber. Tenho certeza de que muitos sonhos ser\u00e3o realizados com o pagamento desses direitos\u201d. O relato \u00e9 da professora Leila Rejane Cardoso Pontes, atual gestora da Escola Estadual Deusa Moraes, de Para\u00edso do Tocantins, uma das mais de 9,5 mil pessoas contempladas com pagamento dos passivos aos servidores da Educa\u00e7\u00e3o.<\/p>\n\n\n\n<p>Com pouco mais de tr\u00eas meses \u00e0 frente do Governo do Tocantins, o governador em exerc\u00edcio Wanderlei Barbosa j\u00e1 destinou mais de R$ 410 milh\u00f5es em recursos para o pagamento das progress\u00f5es horizontais e verticais, dos retroativos de data-base e vencimentos dos servidores da Secretaria da Educa\u00e7\u00e3o, Juventude e Esportes (Seduc).&nbsp;<\/p>\n\n\n\n<p>Neste per\u00edodo, mais de 3,8 mil trabalhadores da Educa\u00e7\u00e3o foram contemplados com a liquida\u00e7\u00e3o das progress\u00f5es verticais e horizontais de 2015 e 2016, com recursos da ordem de R$ 66 milh\u00f5es.&nbsp;<\/p>\n\n\n\n<p>J\u00e1 para quitar a d\u00edvida hist\u00f3rica das datas-bases referentes aos anos de 2015, 2016, 2017 e 2018, o Governo do Tocantins destinou cerca de R$ 100 milh\u00f5es em recursos, beneficiando aproximadamente&nbsp; 9,5 mil&nbsp;&nbsp;servidores da Seduc.<\/p>\n\n\n\n<p>Ao efetivar a liquida\u00e7\u00e3o dos direitos dos profissionais da Educa\u00e7\u00e3o, o Governo do Tocantins busca a valoriza\u00e7\u00e3o da categoria. \u201cFizemos um grande esfor\u00e7o para pagar essa d\u00edvida, um direito adquirido e que n\u00e3o vinha sendo respeitado. Na nossa gest\u00e3o a Educa\u00e7\u00e3o \u00e9 pauta priorit\u00e1ria. Reconhecemos a grandeza do trabalho desses profissionais e vamos continuar em busca de condi\u00e7\u00f5es cada vez melhores para os trabalhadores que tanto contribuem para o ensino de qualidade nas nossas escolas e para o desenvolvimento do nosso Tocantins\u201d, enfatizou o governador.&nbsp;<\/p>\n\n\n\n<p>A t\u00e9cnica da Diretoria Regional de Educa\u00e7\u00e3o, Juventude e Esportes (DRE) de Miracema, Edineis Rodrigues de Oliveira Leit\u00e3o, revelou que receber esse direito era \u201cum anseio quase inating\u00edvel&#8221;. &#8220;Quando recebemos, fiquei at\u00e9 sem acreditar, foi realmente uma surpresa e felicidade ver a alegria dos colegas. Esse incentivo e valoriza\u00e7\u00e3o para n\u00f3s, professores, e, sobretudo, para a educa\u00e7\u00e3o mostra a sensibilidade desse Governo com a classe\u201d, contou emocionada.&nbsp;<\/p>\n\n\n\n<p>Para o titular da Seduc, F\u00e1bio Vaz, as a\u00e7\u00f5es de reconhecimento dos profissionais da Educa\u00e7\u00e3o fortalecem a qualidade do ensino ofertado em toda a rede estadual.&nbsp;\u201cPara que tenhamos \u00eaxito na oferta das condi\u00e7\u00f5es necess\u00e1rias para a aprendizagem dos nossos estudantes, \u00e9 fundamental que tenhamos servidores motivados e temos percebido o quanto o pagamento desses direitos tem impactado positivamente a vida dos nossos servidores\u201d, destacou.<\/p>\n\n\n\n<p>O secret\u00e1rio ressaltou que, al\u00e9m das vantagens financeiras, o Governo do Tocantins tem investido tamb\u00e9m na capacita\u00e7\u00e3o dos profissionais da Educa\u00e7\u00e3o. \u201cDesde o dia 24 de janeiro at\u00e9 o dia 7 de fevereiro, nossas equipes da Seduc, das DREs e de todas as escolas da rede estadual est\u00e3o envolvidas nas forma\u00e7\u00f5es, que antecedem o in\u00edcio do ano letivo de 2022, para que possamos iniciar as aulas com profissionais preparados para acolher os nossos alunos da forma como eles merecem\u201d, enfatizou F\u00e1bio Vaz.\n\n<\/p>\n","protected":false},"excerpt":{"rendered":"<p>\u201cEsper\u00e1vamos ansiosos por essa valoriza\u00e7\u00e3o. Quando fomos atendidos e o dinheiro estava efetivamente depositado na nossa conta, foi uma alegria imensur\u00e1vel em toda a escola, porque j\u00e1 se tinha perdido a esperan\u00e7a de receber. Tenho certeza de que muitos sonhos ser\u00e3o realizados com o pagamento desses direitos\u201d. O relato \u00e9 da professora Leila Rejane Cardoso [&hellip;]<\/p>\n","protected":false},"author":2,"featured_media":10398,"comment_status":"open","ping_status":"open","sticky":false,"template":"","format":"standard","meta":[],"categories":[3],"tags":[13],"_links":{"self":[{"href":"https:\/\/dgospel.com.br\/portal\/index.php\/wp-json\/wp\/v2\/posts\/10397"}],"collection":[{"href":"https:\/\/dgospel.com.br\/portal\/index.php\/wp-json\/wp\/v2\/posts"}],"about":[{"href":"https:\/\/dgospel.com.br\/portal\/index.php\/wp-json\/wp\/v2\/types\/post"}],"author":[{"embeddable":true,"href":"https:\/\/dgospel.com.br\/portal\/index.php\/wp-json\/wp\/v2\/users\/2"}],"replies":[{"embeddable":true,"href":"https:\/\/dgospel.com.br\/portal\/index.php\/wp-json\/wp\/v2\/comments?post=10397"}],"version-history":[{"count":1,"href":"https:\/\/dgospel.com.br\/portal\/index.php\/wp-json\/wp\/v2\/posts\/10397\/revisions"}],"predecessor-version":[{"id":10399,"href":"https:\/\/dgospel.com.br\/portal\/index.php\/wp-json\/wp\/v2\/posts\/10397\/revisions\/10399"}],"wp:featuredmedia":[{"embeddable":true,"href":"https:\/\/dgospel.com.br\/portal\/index.php\/wp-json\/wp\/v2\/media\/10398"}],"wp:attachment":[{"href":"https:\/\/dgospel.com.br\/portal\/index.php\/wp-json\/wp\/v2\/media?parent=10397"}],"wp:term":[{"taxonomy":"category","embeddable":true,"href":"https:\/\/dgospel.com.br\/portal\/index.php\/wp-json\/wp\/v2\/categories?post=10397"},{"taxonomy":"post_tag","embeddable":true,"href":"https:\/\/dgospel.com.br\/portal\/index.php\/wp-json\/wp\/v2\/tags?post=10397"}],"curies":[{"name":"wp","href":"https:\/\/api.w.org\/{rel}","templated":true}]}}