{"id":104,"date":"2018-05-11T10:04:45","date_gmt":"2018-05-11T13:04:45","guid":{"rendered":"http:\/\/dgospel.com.br\/portal\/?p=104"},"modified":"2018-05-11T10:04:45","modified_gmt":"2018-05-11T13:04:45","slug":"michel-temer-prepara-agenda-em-busca-de-evangelicos","status":"publish","type":"post","link":"https:\/\/dgospel.com.br\/portal\/index.php\/2018\/05\/11\/michel-temer-prepara-agenda-em-busca-de-evangelicos\/","title":{"rendered":"Michel Temer prepara agenda em busca de evang\u00e9licos"},"content":{"rendered":"<p>O presidente Michel Temer est\u00e1 tra\u00e7ando uma estrat\u00e9gia para conseguir apoio dos evang\u00e9licos para o seu candidato na elei\u00e7\u00e3o presidencial deste ano.<\/p>\n<p>A\u00a0estrat\u00e9gia de Temer com o ex-ministro e pastor Ronaldo Nogueira \u00e9 para conseguir apoio da Assembleia de Deus e da Universal, que t\u00eam 23,8 milh\u00f5es de fi\u00e9is, segundo informa o Estad\u00e3o.<\/p>\n<p>Os votos dos evang\u00e9licos s\u00e3o cobi\u00e7ados por todos os partidos. Temer far\u00e1 uma s\u00e9rie de eventos com as igrejas nos pr\u00f3ximos meses.<\/p>\n<p>Neles, ser\u00e1 dito que h\u00e1 uma identidade entre os valores do governo e das igrejas. Como exemplo, a retirada da ideologia de g\u00eanero da base curricular do MEC.<\/p>\n<p><strong>Fonte: Estad\u00e3o<\/strong><\/p>\n<p>&nbsp;<\/p>\n","protected":false},"excerpt":{"rendered":"<p>O presidente Michel Temer est\u00e1 tra\u00e7ando uma estrat\u00e9gia para conseguir apoio dos evang\u00e9licos para o seu candidato na elei\u00e7\u00e3o presidencial deste ano. A\u00a0estrat\u00e9gia de Temer com o ex-ministro e pastor Ronaldo Nogueira \u00e9 para conseguir apoio da Assembleia de Deus e da Universal, que t\u00eam 23,8 milh\u00f5es de fi\u00e9is, segundo informa o Estad\u00e3o. Os votos [&hellip;]<\/p>\n","protected":false},"author":2,"featured_media":105,"comment_status":"open","ping_status":"open","sticky":false,"template":"","format":"standard","meta":[],"categories":[2,6],"tags":[],"_links":{"self":[{"href":"https:\/\/dgospel.com.br\/portal\/index.php\/wp-json\/wp\/v2\/posts\/104"}],"collection":[{"href":"https:\/\/dgospel.com.br\/portal\/index.php\/wp-json\/wp\/v2\/posts"}],"about":[{"href":"https:\/\/dgospel.com.br\/portal\/index.php\/wp-json\/wp\/v2\/types\/post"}],"author":[{"embeddable":true,"href":"https:\/\/dgospel.com.br\/portal\/index.php\/wp-json\/wp\/v2\/users\/2"}],"replies":[{"embeddable":true,"href":"https:\/\/dgospel.com.br\/portal\/index.php\/wp-json\/wp\/v2\/comments?post=104"}],"version-history":[{"count":1,"href":"https:\/\/dgospel.com.br\/portal\/index.php\/wp-json\/wp\/v2\/posts\/104\/revisions"}],"predecessor-version":[{"id":106,"href":"https:\/\/dgospel.com.br\/portal\/index.php\/wp-json\/wp\/v2\/posts\/104\/revisions\/106"}],"wp:featuredmedia":[{"embeddable":true,"href":"https:\/\/dgospel.com.br\/portal\/index.php\/wp-json\/wp\/v2\/media\/105"}],"wp:attachment":[{"href":"https:\/\/dgospel.com.br\/portal\/index.php\/wp-json\/wp\/v2\/media?parent=104"}],"wp:term":[{"taxonomy":"category","embeddable":true,"href":"https:\/\/dgospel.com.br\/portal\/index.php\/wp-json\/wp\/v2\/categories?post=104"},{"taxonomy":"post_tag","embeddable":true,"href":"https:\/\/dgospel.com.br\/portal\/index.php\/wp-json\/wp\/v2\/tags?post=104"}],"curies":[{"name":"wp","href":"https:\/\/api.w.org\/{rel}","templated":true}]}}