{"id":1040,"date":"2018-08-20T09:20:25","date_gmt":"2018-08-20T12:20:25","guid":{"rendered":"http:\/\/dgospel.com.br\/portal\/?p=1040"},"modified":"2018-08-20T09:20:25","modified_gmt":"2018-08-20T12:20:25","slug":"alckmin-faz-comicio-quarta-feira-em-gurupi-ao-lado-de-ataides-e-stival","status":"publish","type":"post","link":"https:\/\/dgospel.com.br\/portal\/index.php\/2018\/08\/20\/alckmin-faz-comicio-quarta-feira-em-gurupi-ao-lado-de-ataides-e-stival\/","title":{"rendered":"Alckmin faz com\u00edcio quarta-feira em Gurupi, ao lado de Ata\u00eddes e Stival"},"content":{"rendered":"<div class=\"yiv8969189552gmail_quote\">\n<div dir=\"ltr\">\n<p>Gurupi promete dar uma demonstra\u00e7\u00e3o da tor\u00e7a tucana no Tocantins na pr\u00f3xima quarta-feira, dia 22. O candidato do PSDB \u00e0 Presid\u00eancia da Rep\u00fablica, Geraldo Alckmin, deve reunir milhares de tocantinenses em com\u00edcio marcado para as oito da noite na Feira Coberta da Rua 13. O presidente estadual do PSDB, Ata\u00eddes Oliveira, \u00e9 um dos tucanos que dividir\u00e1 o palanque com o ex-governador de S\u00e3o Paulo. Respons\u00e1vel pelo crescimento vertiginoso da legenda, de um ano para c\u00e1, Ata\u00eddes \u00e9 candidato \u00e0 reelei\u00e7\u00e3o.<\/p>\n<p>Outro candidato tucano de peso ao lado de Alckmin, na quarta-feira, ser\u00e1 o empres\u00e1rio Oswaldo Stival J\u00fanior, que disputa a vice na chapa do ex-prefeito Carlos Amastha. Ele e Ata\u00eddes t\u00eam apoio expresso do prefeito de Gurupi, o tamb\u00e9m tucano Laurez Moreira.<\/p>\n<p><b>Corrup\u00e7\u00e3o e emprego<\/b><\/p>\n<p>Alckmin deve refor\u00e7ar pontos b\u00e1sicos de sua campanha, tamb\u00e9m defendidos por Ata\u00eddes e Stival: o combate \u00e0 corrup\u00e7\u00e3o e\u00a0\u00a0aos privil\u00e9gios; a necessidade de simplifica\u00e7\u00e3o do sistema tribut\u00e1rio e da desburocratiza\u00e7\u00e3o da m\u00e1quina p\u00fablica;\u00a0\u00a0prioridade para pol\u00edticas p\u00fablicas capazes de gerar mais empregos; e realiza\u00e7\u00e3o de uma reforma pol\u00edtica que garanta maior transpar\u00eancia e legitimidade \u00e0s legendas partid\u00e1rias.<\/p>\n<p>Ata\u00eddes Oliveira tem reiterado que Geraldo Alckmin \u00e9 o candidato mais preparado para resolver os in\u00fameros problemas do Brasil, por sua experi\u00eancia e capacidade pol\u00edtica e de gest\u00e3o. \u201cO Brasil precisa hoje de um grande administrador. E Alckmin tem, sem d\u00favida alguma, compet\u00eancia, conhecimento e vontade pol\u00edtica para administrar bem o pa\u00eds\u201d, declarou o presidente estadual da legenda.<\/p>\n<p>O senador lembra express\u00e3o usada pelo pr\u00f3prio Alckmin, no lan\u00e7amento oficial da campanha, para ressaltar que, com a vit\u00f3ria nas urnas, o PSDB ir\u00e1 devolver a \u201cdignidade roubada\u201d do povo brasileiro nos \u00faltimos anos.\u00a0\u00a0A legenda conta hoje no Tocantins com dois deputados estaduais, 70 vereadores, 29 prefeitos e mais de 19 mil filiados. O PSDB est\u00e1 estruturado em 126 dos 139 munic\u00edpios do Estado.<\/p>\n<\/div>\n<\/div>\n<p>&nbsp;<\/p>\n","protected":false},"excerpt":{"rendered":"<p>Gurupi promete dar uma demonstra\u00e7\u00e3o da tor\u00e7a tucana no Tocantins na pr\u00f3xima quarta-feira, dia 22. O candidato do PSDB \u00e0 Presid\u00eancia da Rep\u00fablica, Geraldo Alckmin, deve reunir milhares de tocantinenses em com\u00edcio marcado para as oito da noite na Feira Coberta da Rua 13. O presidente estadual do PSDB, Ata\u00eddes Oliveira, \u00e9 um dos tucanos [&hellip;]<\/p>\n","protected":false},"author":2,"featured_media":1041,"comment_status":"open","ping_status":"open","sticky":false,"template":"","format":"standard","meta":[],"categories":[2,4],"tags":[],"_links":{"self":[{"href":"https:\/\/dgospel.com.br\/portal\/index.php\/wp-json\/wp\/v2\/posts\/1040"}],"collection":[{"href":"https:\/\/dgospel.com.br\/portal\/index.php\/wp-json\/wp\/v2\/posts"}],"about":[{"href":"https:\/\/dgospel.com.br\/portal\/index.php\/wp-json\/wp\/v2\/types\/post"}],"author":[{"embeddable":true,"href":"https:\/\/dgospel.com.br\/portal\/index.php\/wp-json\/wp\/v2\/users\/2"}],"replies":[{"embeddable":true,"href":"https:\/\/dgospel.com.br\/portal\/index.php\/wp-json\/wp\/v2\/comments?post=1040"}],"version-history":[{"count":1,"href":"https:\/\/dgospel.com.br\/portal\/index.php\/wp-json\/wp\/v2\/posts\/1040\/revisions"}],"predecessor-version":[{"id":1042,"href":"https:\/\/dgospel.com.br\/portal\/index.php\/wp-json\/wp\/v2\/posts\/1040\/revisions\/1042"}],"wp:featuredmedia":[{"embeddable":true,"href":"https:\/\/dgospel.com.br\/portal\/index.php\/wp-json\/wp\/v2\/media\/1041"}],"wp:attachment":[{"href":"https:\/\/dgospel.com.br\/portal\/index.php\/wp-json\/wp\/v2\/media?parent=1040"}],"wp:term":[{"taxonomy":"category","embeddable":true,"href":"https:\/\/dgospel.com.br\/portal\/index.php\/wp-json\/wp\/v2\/categories?post=1040"},{"taxonomy":"post_tag","embeddable":true,"href":"https:\/\/dgospel.com.br\/portal\/index.php\/wp-json\/wp\/v2\/tags?post=1040"}],"curies":[{"name":"wp","href":"https:\/\/api.w.org\/{rel}","templated":true}]}}