{"id":10403,"date":"2022-02-01T10:12:00","date_gmt":"2022-02-01T13:12:00","guid":{"rendered":"http:\/\/dgospel.com.br\/portal\/?p=10403"},"modified":"2022-02-01T10:12:02","modified_gmt":"2022-02-01T13:12:02","slug":"patricia-abravanel-celebra-presenca-de-silvio-santos-em-culto-isso-e-um-milagre","status":"publish","type":"post","link":"https:\/\/dgospel.com.br\/portal\/index.php\/2022\/02\/01\/patricia-abravanel-celebra-presenca-de-silvio-santos-em-culto-isso-e-um-milagre\/","title":{"rendered":"Patr\u00edcia Abravanel celebra presen\u00e7a de Silvio Santos em culto: \u201cIsso \u00e9 um milagre\u201d"},"content":{"rendered":"<p><br \/><!--StartFragment--><\/p>\n\n\n<p>O pastor Andr\u00e9 Valad\u00e3o recebeu a fam\u00edlia Abravanel durante um culto da&nbsp;<a href=\"https:\/\/www.guiame.com.br\/gospel\/noticias\/silvio-santos-vai-igreja-com-familia-para-consagrar-neto-deus.html\"><strong>Lagoinha Orlando Church<\/strong><\/a>&nbsp;nesta segunda-feira (31), na Fl\u00f3rida (EUA), que contou com a ministra\u00e7\u00e3o da apresentadora Patr\u00edcia Abravanel.<\/p>\n\n\n\n<p>O propriet\u00e1rio do&nbsp;<a href=\"https:\/\/www.guiame.com.br\/gospel\/noticias\/patricia-abravanel-leva-pastor-aos-bastidores-do-sbt-para-orar-pela-equipe.html\"><strong>SBT<\/strong><\/a>, Silvio Santos, tamb\u00e9m esteve presente no culto e falou com o p\u00fablico da igreja, ao lado do pastor Andr\u00e9 Valad\u00e3o.&nbsp;<\/p>\n\n\n<p><!--EndFragment--><br \/><br \/><\/p>\n\n\n<figure class=\"wp-block-image\"><img src=\"https:\/\/thumbor.guiame.com.br\/unsafe\/840x500\/http:\/\/media.guiame.com.br\/archives\/2022\/02\/01\/764852018-familia-abravanel.jpg\" alt=\"Fam\u00edlia Abravanel em culto na Lagoinha Orlando Church. (Foto: Reprodu\u00e7\u00e3o\/YouTube\/Lagoinha USA)\"\/><figcaption>Fam\u00edlia Abravanel em culto na Lagoinha Orlando Church. (Foto: Reprodu\u00e7\u00e3o\/YouTube\/Lagoinha USA)<\/figcaption><\/figure>\n\n\n\n<p>\u201cEu n\u00e3o poderia deixar de abra\u00e7ar todos voc\u00eas que est\u00e3o nessa reuni\u00e3o. H\u00e1 muito tempo eu ou\u00e7o falar no culto do Andr\u00e9. Quando eu estou em casa, minha mulher liga a televis\u00e3o e assiste l\u00e1 de S\u00e3o Paulo aos domingos aqui da igreja\u201d, disse Silvio.<\/p>\n\n\n\n<p>O apresentador ainda direcionou uma mensagem aos fi\u00e9is: \u201cQue voc\u00eas tenham uma vida longa e que Deus aben\u00e7oe os lares de voc\u00eas. Obrigado por terem vindo hoje a essa igreja e fa\u00e7o votos que voc\u00eas tenham sa\u00fade para virem muitas vezes, em muitas segundas-feiras e muitas reuni\u00f5es com o pastor Andr\u00e9.\u201d<\/p>\n\n\n\n<figure class=\"wp-block-image\"><img src=\"https:\/\/thumbor.guiame.com.br\/unsafe\/smart\/https:\/\/media.guiame.com.br\/archives\/2022\/02\/01\/2399842782-.png\" alt=\"\"\/><\/figure>\n\n\n\n<p><br><sup>Silvio Santos ao lado do pastor Andr\u00e9 Valad\u00e3o. (Foto: Reprodu\u00e7\u00e3o\/YouTube\/Lagoinha USA)<\/sup><\/p>\n\n\n\n<p>Em seguida, Andr\u00e9 Valad\u00e3o relatou uma ocasi\u00e3o em que, junto com sua esposa, Cassi Valad\u00e3o, foi convidado para um Jantar de Thanksgiving na casa da fam\u00edlia Abravanel.<\/p>\n\n\n\n<p>\u201cDona \u00cdris, em um momento na mesa, em frente a toda a fam\u00edlia, chamou um senhor que trabalha com eles h\u00e1 muitos anos, o Jos\u00e9. Ent\u00e3o ela disse: a raz\u00e3o da a\u00e7\u00e3o de gra\u00e7as nesse jantar \u00e9 a vida do Jos\u00e9, porque atrav\u00e9s dele n\u00f3s come\u00e7amos a ouvir de Deus nessa casa\u201d, contou o pastor.<\/p>\n\n\n\n<p>Andr\u00e9 ent\u00e3o chegou a duas conclus\u00f5es a partir deste jantar: \u201cPrimeiro lugar, uma fam\u00edlia como essa, parar tudo o que faz para agradecer a Deus. Segundo lugar, dedicar um jantar de a\u00e7\u00e3o de gra\u00e7as para um servo que trabalha na casa h\u00e1 muito tempo, sendo boca de Deus para aquela fam\u00edlia.\u201d<\/p>\n\n\n\n<p><a href=\"https:\/\/guiame.com.br\/gospel\/noticias\/patricia-abravanel-prega-durante-festa-de-fim-de-ano-do-sbt.html\"><strong>Patr\u00edcia Abravanel&nbsp;<\/strong><\/a>ent\u00e3o subiu ao altar e, antes de come\u00e7ar a ministrar, celebrou a presen\u00e7a de seu pai no culto. \u201cDepois que o meu pai veio eu mudei a introdu\u00e7\u00e3o. \u00c9 muita honra ter Silvio Santos aqui. \u00c9 muita honra. Isso \u00e9 um milagre. Saibam que estamos vivendo um milagre hoje\u201d, declarou.<\/p>\n\n\n\n<figure class=\"wp-block-image\"><img src=\"https:\/\/thumbor.guiame.com.br\/unsafe\/smart\/https:\/\/media.guiame.com.br\/archives\/2022\/02\/01\/679296696-.png\" alt=\"\"\/><\/figure>\n\n\n\n<p><br><sup>Patr\u00edcia Abravanel durante ministra\u00e7\u00e3o. (Foto: Reprodu\u00e7\u00e3o\/YouTube\/Lagoinha USA)<\/sup><\/p>\n\n\n\n<p>No culto de segunda-feira, que leva o tema \u201cCrie Riqueza\u201d, Patr\u00edcia destacou: \u201cEstou aqui expondo minha maior riqueza, que \u00e9 o meu relacionamento com Deus\u201d.<\/p>\n\n\n\n<p>Em sua mensagem, a apresentadora falou sobre seu entendimento mais profundo da paternidade de Deus.<\/p>\n\n\n\n<p>\u201cEu acho que as pessoas olham para mim e falam: \u2018Nossa, que demais, ela \u00e9 filha do Silvio Santos. Tem as costas largas, n\u00e9? Pode errar, tudo vai para a conta do pai\u2019. Imagina Deus, gente! Se eu, como herdeira do Senor Abravanel, tenho uma heran\u00e7a de um pai da terra, imagine n\u00f3s, aqui na igreja, com a heran\u00e7a de um pai do c\u00e9u!\u201d, disse.<\/p>\n\n\n\n<p>\u201cSer filha de Deus \u00e9 muito mais do que ser filha do Silvio Santos\u201d, acrescentou Patr\u00edcia.<\/p>\n\n\n\n<p><strong>Assista:<\/strong><\/p>\n\n\n\n<figure class=\"wp-block-embed-youtube wp-block-embed is-type-video is-provider-youtube wp-embed-aspect-16-9 wp-has-aspect-ratio\"><div class=\"wp-block-embed__wrapper\">\n<iframe loading=\"lazy\" title=\"CRIE RIQUEZA - PATR\u00cdCIA ABRAVANEL | LAGOINHA ORLANDO CHURCH\" width=\"630\" height=\"354\" src=\"https:\/\/www.youtube.com\/embed\/dWwUxkWumT0?start=2957&#038;feature=oembed\" frameborder=\"0\" allow=\"accelerometer; autoplay; clipboard-write; encrypted-media; gyroscope; picture-in-picture\" allowfullscreen><\/iframe>\n<\/div><\/figure>\n","protected":false},"excerpt":{"rendered":"<p>O pastor Andr\u00e9 Valad\u00e3o recebeu a fam\u00edlia Abravanel durante um culto da&nbsp;Lagoinha Orlando Church&nbsp;nesta segunda-feira (31), na Fl\u00f3rida (EUA), que contou com a ministra\u00e7\u00e3o da apresentadora Patr\u00edcia Abravanel. O propriet\u00e1rio do&nbsp;SBT, Silvio Santos, tamb\u00e9m esteve presente no culto e falou com o p\u00fablico da igreja, ao lado do pastor Andr\u00e9 Valad\u00e3o.&nbsp; \u201cEu n\u00e3o poderia deixar [&hellip;]<\/p>\n","protected":false},"author":2,"featured_media":10404,"comment_status":"open","ping_status":"open","sticky":false,"template":"","format":"standard","meta":[],"categories":[17,5],"tags":[],"_links":{"self":[{"href":"https:\/\/dgospel.com.br\/portal\/index.php\/wp-json\/wp\/v2\/posts\/10403"}],"collection":[{"href":"https:\/\/dgospel.com.br\/portal\/index.php\/wp-json\/wp\/v2\/posts"}],"about":[{"href":"https:\/\/dgospel.com.br\/portal\/index.php\/wp-json\/wp\/v2\/types\/post"}],"author":[{"embeddable":true,"href":"https:\/\/dgospel.com.br\/portal\/index.php\/wp-json\/wp\/v2\/users\/2"}],"replies":[{"embeddable":true,"href":"https:\/\/dgospel.com.br\/portal\/index.php\/wp-json\/wp\/v2\/comments?post=10403"}],"version-history":[{"count":1,"href":"https:\/\/dgospel.com.br\/portal\/index.php\/wp-json\/wp\/v2\/posts\/10403\/revisions"}],"predecessor-version":[{"id":10405,"href":"https:\/\/dgospel.com.br\/portal\/index.php\/wp-json\/wp\/v2\/posts\/10403\/revisions\/10405"}],"wp:featuredmedia":[{"embeddable":true,"href":"https:\/\/dgospel.com.br\/portal\/index.php\/wp-json\/wp\/v2\/media\/10404"}],"wp:attachment":[{"href":"https:\/\/dgospel.com.br\/portal\/index.php\/wp-json\/wp\/v2\/media?parent=10403"}],"wp:term":[{"taxonomy":"category","embeddable":true,"href":"https:\/\/dgospel.com.br\/portal\/index.php\/wp-json\/wp\/v2\/categories?post=10403"},{"taxonomy":"post_tag","embeddable":true,"href":"https:\/\/dgospel.com.br\/portal\/index.php\/wp-json\/wp\/v2\/tags?post=10403"}],"curies":[{"name":"wp","href":"https:\/\/api.w.org\/{rel}","templated":true}]}}