{"id":10434,"date":"2022-02-03T11:53:44","date_gmt":"2022-02-03T14:53:44","guid":{"rendered":"http:\/\/dgospel.com.br\/portal\/?p=10434"},"modified":"2022-02-03T20:31:12","modified_gmt":"2022-02-03T23:31:12","slug":"bolsonaro-vai-ao-congresso-e-e-faz-um-discurso-em-que-exalta-os-feitos-de-seu-governo","status":"publish","type":"post","link":"https:\/\/dgospel.com.br\/portal\/index.php\/2022\/02\/03\/bolsonaro-vai-ao-congresso-e-e-faz-um-discurso-em-que-exalta-os-feitos-de-seu-governo\/","title":{"rendered":"Bolsonaro vai ao Congresso e faz discurso em que exalta os feitos de seu governo"},"content":{"rendered":"\n<p>O presidente Jair Bolsonaro participou, nesta quarta-feira (2), da abertura do ano legislativo. Ele foi ao Congresso e fez um discurso em que exaltou os feitos de seu governo e aproveitou para alfinetar o ex-presidente Luiz In\u00e1cio Lula da Silva.<\/p>\n\n\n\n<p>Al\u00e9m de Bolsonaro e dos presidentes da C\u00e2mara, Arthur Lira (PP-AL), e do Senado, Rodrigo Pacheco (PSD-MG), tamb\u00e9m participou da cerim\u00f4nia o presidente do Supremo Tribunal Federal, ministro Luiz Fux.<\/p>\n\n\n\n<figure class=\"wp-block-image\"><img src=\"https:\/\/static.cdn.pleno.news\/2022\/02\/Bosu-1024x631.png\" alt=\"\" class=\"wp-image-887698\"\/><\/figure>\n\n\n\n<p>Presidente da Rep\u00fablica, Jair Bolsonaro, ao lado do presidente da C\u00e2mara, Arthur Lira&nbsp;Foto: Reprodu\u00e7\u00e3o\/Print de v\u00eddeo da CNN Brasil <\/p>\n\n\n\n<p>Durante seu discurso, Bolsonaro lembrou da atua\u00e7\u00e3o de seu governo durante a pandemia em 2021, comentou sobre as chuvas que provocaram trag\u00e9dias em estados do Brasil e falou sobre a situa\u00e7\u00e3o econ\u00f4mica do pa\u00eds.<\/p>\n\n\n\n<p>\u2013 Garantimos melhores condi\u00e7\u00f5es de vida a milh\u00f5es de brasileiros, com a\u00e7\u00f5es nas \u00e1reas de habita\u00e7\u00e3o, seguran\u00e7a h\u00eddrica e saneamento b\u00e1sico. Com vultuosos investimentos, o governo federal atingiu o marco de 1 milh\u00e3o e 200 mil casas entregues \u00e0 popula\u00e7\u00e3o nos \u00faltimos tr\u00eas anos \u2013 destacou.<\/p>\n\n\n\n<p>O presidente tamb\u00e9m falou sobre feitos do seu governo na \u00e1rea internacional.<\/p>\n\n\n\n<p>\u2013 Na pol\u00edtica externa, seguimos atuando na constru\u00e7\u00e3o de uma maior e melhor inser\u00e7\u00e3o do pa\u00eds nos fluxos globais de bens, servi\u00e7os e capitais [\u2026] Destacamos que, ap\u00f3s 10 anos, o Brasil volta a ocupar assento n\u00e3o permanente no Conselho de Seguran\u00e7a da Organiza\u00e7\u00e3o das Na\u00e7\u00f5es Unidas \u2013 destacou.<\/p>\n\n\n\n<p>Bolsonaro aproveitou para alfinetar o ex-presidente Luiz In\u00e1cio Lula da Silva, e criticar propostas do PT, como a regulamenta\u00e7\u00e3o da m\u00eddia e a reforma trabalhista.<\/p>\n\n\n\n<p>\u2013 Em 2022, continuaremos trabalhando para o desenvolvimento, o progresso e o bem-estar de nosso povo, sempre calcados em nossos princ\u00edpios, nossos valores e nossa democracia. Vir aqui, nesse Parlamento, pedir pela regulamenta\u00e7\u00e3o da m\u00eddia e da internet, espero que isso n\u00e3o seja regulamentado por qualquer \u00f3rg\u00e3o no poder. A nossa liberdade [est\u00e1] acima de tudo. Tamb\u00e9m nunca virei aqui para anular a reforma trabalhista aprovada por esse Congresso; afinal, os direitos trabalhistas continuam intactos [\u2026] Sempre respeitaremos a harmonia e a independ\u00eancia dos poderes \u2013 apontou.<\/p>\n","protected":false},"excerpt":{"rendered":"<p>O presidente Jair Bolsonaro participou, nesta quarta-feira (2), da abertura do ano legislativo. Ele foi ao Congresso e fez um discurso em que exaltou os feitos de seu governo e aproveitou para alfinetar o ex-presidente Luiz In\u00e1cio Lula da Silva. Al\u00e9m de Bolsonaro e dos presidentes da C\u00e2mara, Arthur Lira (PP-AL), e do Senado, Rodrigo [&hellip;]<\/p>\n","protected":false},"author":2,"featured_media":10435,"comment_status":"open","ping_status":"open","sticky":false,"template":"","format":"standard","meta":[],"categories":[4],"tags":[13],"_links":{"self":[{"href":"https:\/\/dgospel.com.br\/portal\/index.php\/wp-json\/wp\/v2\/posts\/10434"}],"collection":[{"href":"https:\/\/dgospel.com.br\/portal\/index.php\/wp-json\/wp\/v2\/posts"}],"about":[{"href":"https:\/\/dgospel.com.br\/portal\/index.php\/wp-json\/wp\/v2\/types\/post"}],"author":[{"embeddable":true,"href":"https:\/\/dgospel.com.br\/portal\/index.php\/wp-json\/wp\/v2\/users\/2"}],"replies":[{"embeddable":true,"href":"https:\/\/dgospel.com.br\/portal\/index.php\/wp-json\/wp\/v2\/comments?post=10434"}],"version-history":[{"count":3,"href":"https:\/\/dgospel.com.br\/portal\/index.php\/wp-json\/wp\/v2\/posts\/10434\/revisions"}],"predecessor-version":[{"id":10439,"href":"https:\/\/dgospel.com.br\/portal\/index.php\/wp-json\/wp\/v2\/posts\/10434\/revisions\/10439"}],"wp:featuredmedia":[{"embeddable":true,"href":"https:\/\/dgospel.com.br\/portal\/index.php\/wp-json\/wp\/v2\/media\/10435"}],"wp:attachment":[{"href":"https:\/\/dgospel.com.br\/portal\/index.php\/wp-json\/wp\/v2\/media?parent=10434"}],"wp:term":[{"taxonomy":"category","embeddable":true,"href":"https:\/\/dgospel.com.br\/portal\/index.php\/wp-json\/wp\/v2\/categories?post=10434"},{"taxonomy":"post_tag","embeddable":true,"href":"https:\/\/dgospel.com.br\/portal\/index.php\/wp-json\/wp\/v2\/tags?post=10434"}],"curies":[{"name":"wp","href":"https:\/\/api.w.org\/{rel}","templated":true}]}}