{"id":10440,"date":"2022-02-07T22:56:00","date_gmt":"2022-02-08T01:56:00","guid":{"rendered":"http:\/\/dgospel.com.br\/portal\/?p=10440"},"modified":"2022-02-07T23:13:07","modified_gmt":"2022-02-08T02:13:07","slug":"vereador-do-pt-lidera-invasao-de-igreja-catolica-durante-missa","status":"publish","type":"post","link":"https:\/\/dgospel.com.br\/portal\/index.php\/2022\/02\/07\/vereador-do-pt-lidera-invasao-de-igreja-catolica-durante-missa\/","title":{"rendered":"Vereador do PT lidera invas\u00e3o de igreja cat\u00f3lica durante missa"},"content":{"rendered":"\n<p>O vereador Renato Freitas (PT) liderou uma invas\u00e3o \u00e0 Igreja Nossa Senhora do Ros\u00e1rio, em Curitiba, neste s\u00e1bado (5), durante a celebra\u00e7\u00e3o de uma missa. Os militantes seguravam bandeiras do PT e do PCdoB e gritavam palavras como \u201cracistas\u201d e \u201cfascistas\u201d, ignorando os pedidos do padre para que cessassem o tumulto.<\/p>\n\n\n\n<p>Em discurso, o vereador petista disse que os cat\u00f3licos haviam apoiado um \u201cpolicial que est\u00e1 no poder\u201d. Segundo ele, o ato era contra o racismo \u2013 o que, na sua vis\u00e3o, foi o motivo para os assassinatos de pessoas como Mo\u00efse Mugenyi e Durval Te\u00f3filo Filho e que teria rela\u00e7\u00e3o com a coniv\u00eancia das pessoas com f\u00e9 cat\u00f3lica em rela\u00e7\u00e3o a autoridades \u201cfascistas\u201d.<\/p>\n\n\n\n<figure class=\"wp-block-image\"><img src=\"https:\/\/static.cdn.pleno.news\/2022\/02\/vereadorpt-1024x640.jpg\" alt=\"\" class=\"wp-image-890551\"\/><\/figure>\n\n\n\n<p>Vereador Rebato Freitas liderou protesto em igreja cat\u00f3lica de Curitiba&nbsp;Fotos: Reprodu\u00e7\u00e3o\/Print de v\u00eddeo das redes sociais <\/p>\n\n\n\n<p>Ainda n\u00e3o foi provado que a cor da pele das v\u00edtimas foi um fator determinante para os homic\u00eddios. De acordo com o artigo 208 do C\u00f3digo Penal brasileiro, \u201cimpedir ou perturbar cerim\u00f4nia ou pr\u00e1tica de culto religioso\u201d \u00e9 considerado crime contra o sentimento religioso. A pena prevista \u00e9 de deten\u00e7\u00e3o de um m\u00eas a um ano, ou pagamento de multa. Quando h\u00e1 emprego de viol\u00eancia, a pena pode ser aumentada em um ter\u00e7o.<\/p>\n\n\n\n<p>O vereador Eder Borges (PSD) prometeu representar contra o petista na Comiss\u00e3o de \u00c9tica e Decoro Parlamentar da C\u00e2mara Municipal de Curitiba, nesta segunda-feira (7).<\/p>\n\n\n\n<p>\u2013 Um bando de marginal, liderado por um vereado do PT de Curitiba, invadiu a missa da Igreja do Ros\u00e1rio. Nos pr\u00f3ximos dias, vou falar mais no plen\u00e1rio e, nesta segunda-feira, vou entrar com uma representa\u00e7\u00e3o no Conselho de \u00c9tica contra este moleque, porque escarnecer da f\u00e9 n\u00e3o vou aceitar \u2013 disse o vereador do PSD.<\/p>\n\n\n\n<p>O senador Fl\u00e1vio Bolsonaro (PL-RJ) compartilhou o v\u00eddeo em que mostra o momento da invas\u00e3o.<\/p>\n\n\n\n<p><a href=\"https:\/\/www.instagram.com\/reel\/CZrWjCpgEf6\/?utm_source=ig_embed&amp;ig_rid=97da137b-3dcb-43aa-b9fd-2e798f239191\">https:\/\/www.instagram.com\/reel\/CZrWjCpgEf6\/?utm_source=ig_embed&amp;ig_rid=97da137b-3dcb-43aa-b9fd-2e798f239191<\/a><\/p>\n\n\n\n<p><\/p>\n\n\n\n<p><\/p>\n","protected":false},"excerpt":{"rendered":"<p>O vereador Renato Freitas (PT) liderou uma invas\u00e3o \u00e0 Igreja Nossa Senhora do Ros\u00e1rio, em Curitiba, neste s\u00e1bado (5), durante a celebra\u00e7\u00e3o de uma missa. Os militantes seguravam bandeiras do PT e do PCdoB e gritavam palavras como \u201cracistas\u201d e \u201cfascistas\u201d, ignorando os pedidos do padre para que cessassem o tumulto. Em discurso, o vereador [&hellip;]<\/p>\n","protected":false},"author":2,"featured_media":10448,"comment_status":"open","ping_status":"open","sticky":false,"template":"","format":"standard","meta":[],"categories":[4],"tags":[],"_links":{"self":[{"href":"https:\/\/dgospel.com.br\/portal\/index.php\/wp-json\/wp\/v2\/posts\/10440"}],"collection":[{"href":"https:\/\/dgospel.com.br\/portal\/index.php\/wp-json\/wp\/v2\/posts"}],"about":[{"href":"https:\/\/dgospel.com.br\/portal\/index.php\/wp-json\/wp\/v2\/types\/post"}],"author":[{"embeddable":true,"href":"https:\/\/dgospel.com.br\/portal\/index.php\/wp-json\/wp\/v2\/users\/2"}],"replies":[{"embeddable":true,"href":"https:\/\/dgospel.com.br\/portal\/index.php\/wp-json\/wp\/v2\/comments?post=10440"}],"version-history":[{"count":2,"href":"https:\/\/dgospel.com.br\/portal\/index.php\/wp-json\/wp\/v2\/posts\/10440\/revisions"}],"predecessor-version":[{"id":10449,"href":"https:\/\/dgospel.com.br\/portal\/index.php\/wp-json\/wp\/v2\/posts\/10440\/revisions\/10449"}],"wp:featuredmedia":[{"embeddable":true,"href":"https:\/\/dgospel.com.br\/portal\/index.php\/wp-json\/wp\/v2\/media\/10448"}],"wp:attachment":[{"href":"https:\/\/dgospel.com.br\/portal\/index.php\/wp-json\/wp\/v2\/media?parent=10440"}],"wp:term":[{"taxonomy":"category","embeddable":true,"href":"https:\/\/dgospel.com.br\/portal\/index.php\/wp-json\/wp\/v2\/categories?post=10440"},{"taxonomy":"post_tag","embeddable":true,"href":"https:\/\/dgospel.com.br\/portal\/index.php\/wp-json\/wp\/v2\/tags?post=10440"}],"curies":[{"name":"wp","href":"https:\/\/api.w.org\/{rel}","templated":true}]}}