{"id":10445,"date":"2022-02-07T23:12:08","date_gmt":"2022-02-08T02:12:08","guid":{"rendered":"http:\/\/dgospel.com.br\/portal\/?p=10445"},"modified":"2022-02-07T23:12:09","modified_gmt":"2022-02-08T02:12:09","slug":"randolfe-chapa-lula-e-alckmin-esta-praticamente-resolvida","status":"publish","type":"post","link":"https:\/\/dgospel.com.br\/portal\/index.php\/2022\/02\/07\/randolfe-chapa-lula-e-alckmin-esta-praticamente-resolvida\/","title":{"rendered":"Randolfe: \u201cChapa Lula e Alckmin est\u00e1 praticamente resolvida\u201d"},"content":{"rendered":"\n<p>\n\nEm entrevista ao jornal O Estado de S. Paulo, o senador Randolfe Rodrigues (Rede-AP) afirmou que uma chapa entre o ex-presidente Luiz In\u00e1cio Lula da Silva e o ex-governador de S\u00e3o Paulo Geraldo Alckmin est\u00e1 \u201cpraticamente resolvida\u201d. Ele explicou que n\u00e3o \u00e9 cogitado um \u201coutro nome\u201d para ser o vice de Lula.\n\n<\/p>\n\n\n\n<figure class=\"wp-block-image\"><img src=\"https:\/\/static.cdn.pleno.news\/2021\/12\/Alckmin-ao-lado-de-Lula-e1640175237817-1024x584.jpg\" alt=\"\" class=\"wp-image-861327\"\/><figcaption>Geraldo Alckmin ao lado do ex-presidente Lula&nbsp;Foto: Divulga\u00e7\u00e3o\/Ricardo Stuckert<\/figcaption><\/figure>\n\n\n\n<p> De acordo com o parlamentar, o ideal seria uma \u201cuma coaliz\u00e3o ampla de for\u00e7as\u201d para vencer as elei\u00e7\u00f5es.<\/p>\n\n\n\n<p>\u2013 N\u00f3s n\u00e3o cogitamos outro nome ainda. Eu acho que a candidatura do governador Alckmin como vice \u00e9 algo praticamente resolvido. N\u00e3o h\u00e1 debate alternativo. Acho que Lula deveria apresentar uma coaliz\u00e3o ampla e eu acho que o Alckmin pode cumprir esse papel \u2013 apontou.<\/p>\n\n\n\n<p>Randolfe \u00e9 cotado para disputar o governo do Amap\u00e1, mas tamb\u00e9m integrar a campanha de Lula \u00e0 Presid\u00eancia.<\/p>\n\n\n\n<p>O convite ao parlamentar foi feito pelo l\u00edder petista durante um encontro entre os dois, em 21 de janeiro. Na ocasi\u00e3o, Lula afirmou que o senador seria \u201cmuito mais \u00fatil\u201d para o Amap\u00e1 e para o Brasil ingressando num eventual governo do PT,&nbsp;<a href=\"https:\/\/pleno.news\/brasil\/politica-nacional\/lula-quer-senador-randolfe-em-sua-campanha-a-presidencia.html\">de acordo com o pr\u00f3prio Randolfe<\/a>.<\/p>\n\n\n\n<p> <\/p>\n","protected":false},"excerpt":{"rendered":"<p>Em entrevista ao jornal O Estado de S. Paulo, o senador Randolfe Rodrigues (Rede-AP) afirmou que uma chapa entre o ex-presidente Luiz In\u00e1cio Lula da Silva e o ex-governador de S\u00e3o Paulo Geraldo Alckmin est\u00e1 \u201cpraticamente resolvida\u201d. Ele explicou que n\u00e3o \u00e9 cogitado um \u201coutro nome\u201d para ser o vice de Lula. De acordo com [&hellip;]<\/p>\n","protected":false},"author":2,"featured_media":10446,"comment_status":"open","ping_status":"open","sticky":false,"template":"","format":"standard","meta":[],"categories":[4],"tags":[14],"_links":{"self":[{"href":"https:\/\/dgospel.com.br\/portal\/index.php\/wp-json\/wp\/v2\/posts\/10445"}],"collection":[{"href":"https:\/\/dgospel.com.br\/portal\/index.php\/wp-json\/wp\/v2\/posts"}],"about":[{"href":"https:\/\/dgospel.com.br\/portal\/index.php\/wp-json\/wp\/v2\/types\/post"}],"author":[{"embeddable":true,"href":"https:\/\/dgospel.com.br\/portal\/index.php\/wp-json\/wp\/v2\/users\/2"}],"replies":[{"embeddable":true,"href":"https:\/\/dgospel.com.br\/portal\/index.php\/wp-json\/wp\/v2\/comments?post=10445"}],"version-history":[{"count":1,"href":"https:\/\/dgospel.com.br\/portal\/index.php\/wp-json\/wp\/v2\/posts\/10445\/revisions"}],"predecessor-version":[{"id":10447,"href":"https:\/\/dgospel.com.br\/portal\/index.php\/wp-json\/wp\/v2\/posts\/10445\/revisions\/10447"}],"wp:featuredmedia":[{"embeddable":true,"href":"https:\/\/dgospel.com.br\/portal\/index.php\/wp-json\/wp\/v2\/media\/10446"}],"wp:attachment":[{"href":"https:\/\/dgospel.com.br\/portal\/index.php\/wp-json\/wp\/v2\/media?parent=10445"}],"wp:term":[{"taxonomy":"category","embeddable":true,"href":"https:\/\/dgospel.com.br\/portal\/index.php\/wp-json\/wp\/v2\/categories?post=10445"},{"taxonomy":"post_tag","embeddable":true,"href":"https:\/\/dgospel.com.br\/portal\/index.php\/wp-json\/wp\/v2\/tags?post=10445"}],"curies":[{"name":"wp","href":"https:\/\/api.w.org\/{rel}","templated":true}]}}