{"id":10459,"date":"2022-02-07T23:29:56","date_gmt":"2022-02-08T02:29:56","guid":{"rendered":"http:\/\/dgospel.com.br\/portal\/?p=10459"},"modified":"2022-02-07T23:29:56","modified_gmt":"2022-02-08T02:29:56","slug":"governo-do-tocantins-cria-secretaria-da-cultura-e-turismo","status":"publish","type":"post","link":"https:\/\/dgospel.com.br\/portal\/index.php\/2022\/02\/07\/governo-do-tocantins-cria-secretaria-da-cultura-e-turismo\/","title":{"rendered":"Governo do Tocantins cria Secretaria da Cultura e Turismo"},"content":{"rendered":"\n<p>O Governo do Tocantins publicou na sexta-feira, 4, via Di\u00e1rio Oficial do Estado, edi\u00e7\u00e3o n\u00b0 6.023, a Medida Provis\u00f3ria n\u00b0 2, que extingue a Ag\u00eancia do Desenvolvimento do Turismo, Cultura e Economia Criativa (Adetuc), criando a Secretaria de Estado da Cultura e Turismo (Sectur). Nesta segunda-feira, 7, o secret\u00e1rio da pasta, Hercy Filho, reuniu os servidores para apresentar a nova estrutura e o que ela representa para a gest\u00e3o.<\/p>\n\n\n\n<p>Pela Medida Provis\u00f3ria, os bens da extinta Adetuc e seu acervo patrimonial foram transferidos da antiga pasta sendo revertidos para a rec\u00e9m-criada, Secretaria de Estado da Cultura e Turismo. \u00c0 Sectur, caber\u00e1 promover as pol\u00edticas p\u00fablicas de turismo e cultura para o Tocantins, visando ordenar, regulamentar, normatizar e incentivar investimentos no setor, tendo por objetivo a gera\u00e7\u00e3o de renda, o fortalecimento do mercado de trabalho, a melhoria das condi\u00e7\u00f5es de vida da popula\u00e7\u00e3o local e a autossustentabilidade.&nbsp;<\/p>\n\n\n\n<p>A pasta tamb\u00e9m continua a desenvolver a promo\u00e7\u00e3o tur\u00edstica e cultural do Tocantins, contemplando todas as regi\u00f5es e proporcionando condi\u00e7\u00f5es aos munic\u00edpios e \u00e0s comunidades locais de realizarem a\u00e7\u00f5es estrat\u00e9gicas.<\/p>\n\n\n\n<p>No \u00e2mbito cultural, cabe \u00e0 pasta formular e implementar, com a participa\u00e7\u00e3o da sociedade civil, o Plano de Cultura do Tocantins (PEC\/TO), executando as pol\u00edticas e as a\u00e7\u00f5es culturais, al\u00e9m de instituir e apoiar a\u00e7\u00f5es de promo\u00e7\u00e3o dos bens e servi\u00e7os culturais tocantinenses no pr\u00f3prio Estado, no pa\u00eds e no exterior. A pasta tamb\u00e9m tem como miss\u00e3o articular e conduzir o mapeamento da economia da cultura local, al\u00e9m de coordenar a formula\u00e7\u00e3o e a implementa\u00e7\u00e3o da pol\u00edtica p\u00fablica sobre direitos autorais, criando mecanismos de consolida\u00e7\u00e3o institucional de medidas e instrumentos de regula\u00e7\u00e3o da economia da cultura.<\/p>\n\n\n\n<p>Ao lado da secret\u00e1ria executiva, Jocelia Costa, o secret\u00e1rio Hercy Filho destacou a import\u00e2ncia na mudan\u00e7a da estrutura da pasta, que ter\u00e1 mais visibilidade e fortalecimento das a\u00e7\u00f5es. \u201cO governador Wanderley Barbosa nos atribuiu a miss\u00e3o de desenvolver a\u00e7\u00f5es que venham de fato a beneficiar a sociedade e promover, em todas as regi\u00f5es do Tocantins, a oportunidade de emprego e renda, por meio do fortalecimento da cadeia da cultura e turismo. Nesse sentido, conto com apoio de todos os servidores da Sectur para que nossos projetos alcancem seus objetivos, enfrentando os desafios\u201d, destacou.<\/p>\n","protected":false},"excerpt":{"rendered":"<p>O Governo do Tocantins publicou na sexta-feira, 4, via Di\u00e1rio Oficial do Estado, edi\u00e7\u00e3o n\u00b0 6.023, a Medida Provis\u00f3ria n\u00b0 2, que extingue a Ag\u00eancia do Desenvolvimento do Turismo, Cultura e Economia Criativa (Adetuc), criando a Secretaria de Estado da Cultura e Turismo (Sectur). Nesta segunda-feira, 7, o secret\u00e1rio da pasta, Hercy Filho, reuniu os [&hellip;]<\/p>\n","protected":false},"author":2,"featured_media":10460,"comment_status":"open","ping_status":"open","sticky":false,"template":"","format":"standard","meta":[],"categories":[3],"tags":[13],"_links":{"self":[{"href":"https:\/\/dgospel.com.br\/portal\/index.php\/wp-json\/wp\/v2\/posts\/10459"}],"collection":[{"href":"https:\/\/dgospel.com.br\/portal\/index.php\/wp-json\/wp\/v2\/posts"}],"about":[{"href":"https:\/\/dgospel.com.br\/portal\/index.php\/wp-json\/wp\/v2\/types\/post"}],"author":[{"embeddable":true,"href":"https:\/\/dgospel.com.br\/portal\/index.php\/wp-json\/wp\/v2\/users\/2"}],"replies":[{"embeddable":true,"href":"https:\/\/dgospel.com.br\/portal\/index.php\/wp-json\/wp\/v2\/comments?post=10459"}],"version-history":[{"count":1,"href":"https:\/\/dgospel.com.br\/portal\/index.php\/wp-json\/wp\/v2\/posts\/10459\/revisions"}],"predecessor-version":[{"id":10461,"href":"https:\/\/dgospel.com.br\/portal\/index.php\/wp-json\/wp\/v2\/posts\/10459\/revisions\/10461"}],"wp:featuredmedia":[{"embeddable":true,"href":"https:\/\/dgospel.com.br\/portal\/index.php\/wp-json\/wp\/v2\/media\/10460"}],"wp:attachment":[{"href":"https:\/\/dgospel.com.br\/portal\/index.php\/wp-json\/wp\/v2\/media?parent=10459"}],"wp:term":[{"taxonomy":"category","embeddable":true,"href":"https:\/\/dgospel.com.br\/portal\/index.php\/wp-json\/wp\/v2\/categories?post=10459"},{"taxonomy":"post_tag","embeddable":true,"href":"https:\/\/dgospel.com.br\/portal\/index.php\/wp-json\/wp\/v2\/tags?post=10459"}],"curies":[{"name":"wp","href":"https:\/\/api.w.org\/{rel}","templated":true}]}}