{"id":1046,"date":"2018-08-20T22:29:43","date_gmt":"2018-08-21T01:29:43","guid":{"rendered":"http:\/\/dgospel.com.br\/portal\/?p=1046"},"modified":"2018-08-20T22:29:43","modified_gmt":"2018-08-21T01:29:43","slug":"projeto-de-combate-a-dengue-de-porto-nacional-e-premiado-como-iniciativa-social","status":"publish","type":"post","link":"https:\/\/dgospel.com.br\/portal\/index.php\/2018\/08\/20\/projeto-de-combate-a-dengue-de-porto-nacional-e-premiado-como-iniciativa-social\/","title":{"rendered":"Projeto de combate \u00e0 dengue de Porto Nacional \u00e9 premiado como iniciativa social"},"content":{"rendered":"<p style=\"font-weight: 400;\">Uma iniciativa social desenvolvida pela Casa de Pris\u00e3o Provis\u00f3ria (CPP) de Porto Nacional ser\u00e1 premiada \u00e0s 17 horas desta ter\u00e7a-feira, 21, na referida unidade prisional,\u00a0pelo Sistema de Cooperativas de Cr\u00e9dito do Brasil (Sicoob). Trata-se do\u00a0\u201cMutir\u00e3o de Combate \u00e0 Dengue\u201d, projeto de preven\u00e7\u00e3o e limpeza urbana, realizado no munic\u00edpio aos domingos por reeducandos do regime semiaberto.<\/p>\n<p style=\"font-weight: 400;\">\n<p style=\"font-weight: 400;\">O projeto foi iniciado ap\u00f3s Porto Nacional figurar na quarta posi\u00e7\u00e3o entre os munic\u00edpios com maiores focos de dengue no Estado, em ranking divulgado pela Secretaria Estadual de Sa\u00fade (SES), como explica o t\u00e9cnico em Defesa Social Os\u00e9ias Costa, coordenador do projeto. \u201cA ideia surgiu ap\u00f3s um dado estat\u00edstico que colocava o munic\u00edpio de Porto nacional em 4\u00ba lugar na incid\u00eancia de dengue. Foi um dado preocupante. Ent\u00e3o, n\u00f3s decidimos integrar nossa unidade prisional no combate ao mosquito da dengue\u201d, disse.<\/p>\n<p style=\"font-weight: 400;\">\n<p style=\"font-weight: 400;\">Atualmente, dez reeducandos participam do projeto, que em uma de suas etapas foram capacitados para a\u00e7\u00f5es de combate \u00e0 dengue. \u201cA Secretaria de Sa\u00fade oferta uma capacita\u00e7\u00e3o junto ao corpo t\u00e9cnico e \u00e9 feita orienta\u00e7\u00e3o sobre os locais com maiores incid\u00eancias do mosquito e outras informa\u00e7\u00f5es pertinentes \u00e0 execu\u00e7\u00e3o da tarefa. N\u00f3s entramos com a m\u00e3o de obra prisional, que vai at\u00e9 o local e realiza a limpeza dos ambientes urbanos, mas tudo cumprindo os protocolos de seguran\u00e7a e com acompanhamento dos agentes\u201d, explicou Os\u00e9ias Costa.<\/p>\n<p style=\"font-weight: 400;\">\n<p style=\"font-weight: 400;\"><strong>Premia\u00e7\u00e3o<\/strong><\/p>\n<p style=\"font-weight: 400;\">A a\u00e7\u00e3o de ressocializa\u00e7\u00e3o, que al\u00e9m de contribuir com a sa\u00fade p\u00fablica do munic\u00edpio e com a autoestima e a forma\u00e7\u00e3o dos reeducandos, agora tamb\u00e9m vai contar com\u00a0duas ro\u00e7adeiras \u00e0 gasolina e Equipamentos de Prote\u00e7\u00e3o Individual (EPIs), que ser\u00e3o doados pelo Sistema de Cooperativas de Cr\u00e9dito do Brasil (Sicoob).<\/p>\n<p style=\"font-weight: 400;\">Segundo o coordenador do projeto, a institui\u00e7\u00e3o fez um\u00a0levantamento de instrumentos, ferramentas e EPIs\u00a0que poderiam ser \u00fateis para os reeducandos desenvolverem melhor suas atividades, adquiridos ap\u00f3s arrecada\u00e7\u00e3o dos cooperados.<\/p>\n<p style=\"font-weight: 400;\"><strong>Parceiros<\/strong><\/p>\n<p style=\"font-weight: 400;\">O projeto tamb\u00e9m conta com a parceria do Governo do Estado, atrav\u00e9s da Secretaria de Estado da Cidadania e Justi\u00e7a (Seciju), do Tribunal de Justi\u00e7a (TJ), do Minist\u00e9rio P\u00fablico Estadual (MPE) e da Prefeitura de Porto Nacional, por meio da Secretaria da Sa\u00fade. A participa\u00e7\u00e3o dos detentos \u00e9 facultativa e prev\u00ea remi\u00e7\u00e3o de pena pelas horas de trabalho desenvolvido. Na a\u00e7\u00e3o, eles coletam lixo e realizam limpeza em locais espec\u00edficos do munic\u00edpio. Al\u00e9m disso, eles participam tamb\u00e9m de palestras sobre a import\u00e2ncia do combate \u00e0 dengue e outros vetores.<\/p>\n","protected":false},"excerpt":{"rendered":"<p>Uma iniciativa social desenvolvida pela Casa de Pris\u00e3o Provis\u00f3ria (CPP) de Porto Nacional ser\u00e1 premiada \u00e0s 17 horas desta ter\u00e7a-feira, 21, na referida unidade prisional,\u00a0pelo Sistema de Cooperativas de Cr\u00e9dito do Brasil (Sicoob). Trata-se do\u00a0\u201cMutir\u00e3o de Combate \u00e0 Dengue\u201d, projeto de preven\u00e7\u00e3o e limpeza urbana, realizado no munic\u00edpio aos domingos por reeducandos do regime semiaberto. [&hellip;]<\/p>\n","protected":false},"author":2,"featured_media":1047,"comment_status":"open","ping_status":"open","sticky":false,"template":"","format":"standard","meta":[],"categories":[2,3],"tags":[],"_links":{"self":[{"href":"https:\/\/dgospel.com.br\/portal\/index.php\/wp-json\/wp\/v2\/posts\/1046"}],"collection":[{"href":"https:\/\/dgospel.com.br\/portal\/index.php\/wp-json\/wp\/v2\/posts"}],"about":[{"href":"https:\/\/dgospel.com.br\/portal\/index.php\/wp-json\/wp\/v2\/types\/post"}],"author":[{"embeddable":true,"href":"https:\/\/dgospel.com.br\/portal\/index.php\/wp-json\/wp\/v2\/users\/2"}],"replies":[{"embeddable":true,"href":"https:\/\/dgospel.com.br\/portal\/index.php\/wp-json\/wp\/v2\/comments?post=1046"}],"version-history":[{"count":1,"href":"https:\/\/dgospel.com.br\/portal\/index.php\/wp-json\/wp\/v2\/posts\/1046\/revisions"}],"predecessor-version":[{"id":1048,"href":"https:\/\/dgospel.com.br\/portal\/index.php\/wp-json\/wp\/v2\/posts\/1046\/revisions\/1048"}],"wp:featuredmedia":[{"embeddable":true,"href":"https:\/\/dgospel.com.br\/portal\/index.php\/wp-json\/wp\/v2\/media\/1047"}],"wp:attachment":[{"href":"https:\/\/dgospel.com.br\/portal\/index.php\/wp-json\/wp\/v2\/media?parent=1046"}],"wp:term":[{"taxonomy":"category","embeddable":true,"href":"https:\/\/dgospel.com.br\/portal\/index.php\/wp-json\/wp\/v2\/categories?post=1046"},{"taxonomy":"post_tag","embeddable":true,"href":"https:\/\/dgospel.com.br\/portal\/index.php\/wp-json\/wp\/v2\/tags?post=1046"}],"curies":[{"name":"wp","href":"https:\/\/api.w.org\/{rel}","templated":true}]}}