{"id":10462,"date":"2022-02-07T23:33:53","date_gmt":"2022-02-08T02:33:53","guid":{"rendered":"http:\/\/dgospel.com.br\/portal\/?p=10462"},"modified":"2022-02-07T23:33:55","modified_gmt":"2022-02-08T02:33:55","slug":"andre-mendonca-diz-que-se-preparou-para-ser-usado-por-deus-no-stf","status":"publish","type":"post","link":"https:\/\/dgospel.com.br\/portal\/index.php\/2022\/02\/07\/andre-mendonca-diz-que-se-preparou-para-ser-usado-por-deus-no-stf\/","title":{"rendered":"Andr\u00e9 Mendon\u00e7a diz que se preparou para ser &#8216;usado por Deus&#8217; no STF"},"content":{"rendered":"\n<p>No s\u00e1bado (5), o&nbsp;<a href=\"https:\/\/guiame.com.br\/gospel\/mundo-cristao\/andre-mendonca-toma-posse-e-diz-que-vai-defender-estado-laico-e-uma-defesa-da-igreja.html\"><strong>ministro do Supremo Tribunal Federal (STF), Andr\u00e9 Mendon\u00e7a<\/strong><\/a>, participou do primeiro F\u00f3rum Crist\u00e3o de Governo, onde compartilhou que \u201cse preparou para ser usado por Deus no STF\u201d.&nbsp;<\/p>\n\n\n\n<p>O evento que aconteceu em Goi\u00e2nia, na Igreja Fonte da Vida, foi organizado pelo bispo F\u00e1bio Sousa. Ele explicou que o principal objetivo \u00e9 debater sobre \u201co Brasil que temos hoje e a&nbsp;<a href=\"https:\/\/guiame.com.br\/gospel\/noticias\/um-salto-para-os-evangelicos-diz-andre-mendonca-apos-ser-aprovado-para-o-stf.html\"><strong>na\u00e7\u00e3o que queremos para o amanh\u00e3<\/strong><\/a>\u201d.&nbsp;<\/p>\n\n\n\n<p>\u201cVamos falar da import\u00e2ncia dos crist\u00e3os estarem inseridos em todas as esferas da sociedade, inclusive nos 3 poderes: executivo, legislativo e judici\u00e1rio. E tamb\u00e9m alertar sobre a&nbsp;<a href=\"https:\/\/guiame.com.br\/colunistas\/marisa-lobo\/discriminacao-contra-evangelicos-em-cargos-de-autoridade-ainda-e-uma-realidade.html\"><strong>necessidade de estarmos engajados<\/strong><\/a>&nbsp;em favor dos princ\u00edpios do Reino. Vamos debater ideias, para que possamos, juntos, construir uma na\u00e7\u00e3o melhor\u201d, ele disse.<\/p>\n\n\n\n<p><strong>Lista de princ\u00edpios<\/strong><\/p>\n\n\n\n<p>Durante sua palestra, Mendon\u00e7a afirmou que est\u00e3o em sua \u201clista de princ\u00edpios, a f\u00e9, a ora\u00e7\u00e3o, o chamado, o esp\u00edrito de servo,&nbsp;<a href=\"https:\/\/guiame.com.br\/gospel\/noticias\/mendonca-assume-no-stf-acao-sobre-ensino-de-ideologia-genero-em-escolas.html\"><strong>fidelidade a Deus<\/strong><\/a>, o prop\u00f3sito definido, a integridade, a coragem, o preparo e a perseveran\u00e7a\u201d, conforme divulgou o jornal Metr\u00f3poles.<\/p>\n\n\n\n<p>Andr\u00e9 Mendon\u00e7a tomou posse como ministro do Supremo em dezembro de 2021, ap\u00f3s passar por longo per\u00edodo de espera para ser sabatinado pelo Senado Federal. Ele foi indicado pelo&nbsp;<a href=\"https:\/\/guiame.com.br\/gospel\/noticias\/deus-se-fara-mais-presente-naquela-instituicao-diz-bolsonaro-sobre-mendonca-no-stf.html\"><strong>presidente Jair Bolsonaro<\/strong><\/a>&nbsp;para ocupar uma das 11 cadeiras do STF. O chefe do Executivo declarou que escolheu Mendon\u00e7a para o cargo por ele ser um \u201cministro terrivelmente evang\u00e9lico\u201d.<\/p>\n\n\n\n<p><strong>Sobre o F\u00f3rum Crist\u00e3o de Governo<\/strong><\/p>\n\n\n\n<p>De acordo com a organiza\u00e7\u00e3o do F\u00f3rum, s\u00e3o convidados a participar todos os cidad\u00e3os que desejam mudar o Brasil. \u201cQuem sonha em viver em uma sociedade pr\u00f3spera, que preserva a inoc\u00eancia das crian\u00e7as, livre da corrup\u00e7\u00e3o e de ideologias que&nbsp;<a href=\"https:\/\/guiame.com.br\/gospel\/noticias\/stf-proibe-entrada-de-missionarios-em-terras-indigenas-isoladas-pedido-do-pt.html\"><strong>deturpam os valores<\/strong><\/a>&nbsp;da fam\u00edlia\u201d, destacou o idealizador.&nbsp;<\/p>\n\n\n\n<p>Organizadores do encontro disseram em redes sociais que o f\u00f3rum foi um momento de \u201cse envolver com a sociedade em que vivemos\u201d. Houve cr\u00edticas, por\u00e9m, alegando que o evento serviu como palanque pol\u00edtico. \u201c\u00c9 um evento para trazer informa\u00e7\u00e3o\u201d, disse uma das organizadoras em seu perfil no Instagram.<\/p>\n\n\n\n<p>Participaram tamb\u00e9m do F\u00f3rum os pastores Davi Lago e Nelson J\u00fanior e o pr\u00f3prio bispo F\u00e1bio Sousa. \u201cVou falar das&nbsp;<a href=\"https:\/\/guiame.com.br\/gospel\/noticias\/em-visita-ao-stf-bolsonaro-diz-que-pediu-oracao-uma-vez-por-semana-na-corte.html\"><strong>experi\u00eancias e aprendizados<\/strong><\/a>&nbsp;que tive ao longo da trajet\u00f3ria de 14 anos como parlamentar\u201d, afirmou o bispo.<\/p>\n\n\n\n<p>Sousa j\u00e1 foi vereador por Goi\u00e2nia, duas vezes deputado estadual na Assembleia Legislativa de Goi\u00e1s e deputado federal por Goi\u00e1s.<\/p>\n","protected":false},"excerpt":{"rendered":"<p>No s\u00e1bado (5), o&nbsp;ministro do Supremo Tribunal Federal (STF), Andr\u00e9 Mendon\u00e7a, participou do primeiro F\u00f3rum Crist\u00e3o de Governo, onde compartilhou que \u201cse preparou para ser usado por Deus no STF\u201d.&nbsp; O evento que aconteceu em Goi\u00e2nia, na Igreja Fonte da Vida, foi organizado pelo bispo F\u00e1bio Sousa. Ele explicou que o principal objetivo \u00e9 debater [&hellip;]<\/p>\n","protected":false},"author":2,"featured_media":10463,"comment_status":"open","ping_status":"open","sticky":false,"template":"","format":"standard","meta":[],"categories":[5,4],"tags":[13],"_links":{"self":[{"href":"https:\/\/dgospel.com.br\/portal\/index.php\/wp-json\/wp\/v2\/posts\/10462"}],"collection":[{"href":"https:\/\/dgospel.com.br\/portal\/index.php\/wp-json\/wp\/v2\/posts"}],"about":[{"href":"https:\/\/dgospel.com.br\/portal\/index.php\/wp-json\/wp\/v2\/types\/post"}],"author":[{"embeddable":true,"href":"https:\/\/dgospel.com.br\/portal\/index.php\/wp-json\/wp\/v2\/users\/2"}],"replies":[{"embeddable":true,"href":"https:\/\/dgospel.com.br\/portal\/index.php\/wp-json\/wp\/v2\/comments?post=10462"}],"version-history":[{"count":1,"href":"https:\/\/dgospel.com.br\/portal\/index.php\/wp-json\/wp\/v2\/posts\/10462\/revisions"}],"predecessor-version":[{"id":10464,"href":"https:\/\/dgospel.com.br\/portal\/index.php\/wp-json\/wp\/v2\/posts\/10462\/revisions\/10464"}],"wp:featuredmedia":[{"embeddable":true,"href":"https:\/\/dgospel.com.br\/portal\/index.php\/wp-json\/wp\/v2\/media\/10463"}],"wp:attachment":[{"href":"https:\/\/dgospel.com.br\/portal\/index.php\/wp-json\/wp\/v2\/media?parent=10462"}],"wp:term":[{"taxonomy":"category","embeddable":true,"href":"https:\/\/dgospel.com.br\/portal\/index.php\/wp-json\/wp\/v2\/categories?post=10462"},{"taxonomy":"post_tag","embeddable":true,"href":"https:\/\/dgospel.com.br\/portal\/index.php\/wp-json\/wp\/v2\/tags?post=10462"}],"curies":[{"name":"wp","href":"https:\/\/api.w.org\/{rel}","templated":true}]}}