{"id":10468,"date":"2022-02-07T23:39:55","date_gmt":"2022-02-08T02:39:55","guid":{"rendered":"http:\/\/dgospel.com.br\/portal\/?p=10468"},"modified":"2022-02-07T23:39:56","modified_gmt":"2022-02-08T02:39:56","slug":"virginia-arruda-lanca-ate-tocar-os-ceus-com-participacao-de-latino","status":"publish","type":"post","link":"https:\/\/dgospel.com.br\/portal\/index.php\/2022\/02\/07\/virginia-arruda-lanca-ate-tocar-os-ceus-com-participacao-de-latino\/","title":{"rendered":"Virg\u00ednia Arruda lan\u00e7a \u201cAt\u00e9 Tocar os C\u00e9us\u201d com participa\u00e7\u00e3o de Latino"},"content":{"rendered":"\n<p>Gravado no final do ano passado, o DVD \u201cTua Gra\u00e7a me Alcan\u00e7ou\u201d promete marcar a carreira da cantora e bispa Virg\u00ednia Arruda. As filmagens aconteceram no ST4 Est\u00fadio, em Jandira, na zona oeste de S\u00e3o Paulo, com dire\u00e7\u00e3o de Flaney Gonz\u00e1lez, mesmo nome por tr\u00e1s de grandes artistas como Henrique e Juliano, Israel e Rodolfo, Mar\u00edlia Mendon\u00e7a e Maiara e Maraisa.&nbsp;<\/p>\n\n\n\n<p>A produ\u00e7\u00e3o musical ficou a cargo de Bigair Dy Jaime, que j\u00e1 assinou produ\u00e7\u00f5es de Cristiano Ara\u00fajo e Gusttavo Lima.<\/p>\n\n\n\n<p>A primeira m\u00fasica de trabalho do projeto, que chega \u00e0s plataformas digitais nesta ter\u00e7a-feira (11), \u00e9 a can\u00e7\u00e3o \u201cAt\u00e9 Tocar os C\u00e9us\u201d com a participa\u00e7\u00e3o especial do cantor Latino, que faz sua estreia em um projeto religioso. De acordo com Virg\u00ednia, o artista \u201ccompleta demais esse DVD\u201d.<\/p>\n\n\n\n<p>\u201cCom certeza, \u00e0 primeira vista, as pessoas se assustaram com a escolha de Latino. Mas,&nbsp;<\/p>\n\n\n\n<p>ele completa demais esse DVD. Recebi alguns nomes no meio secular como sugest\u00e3o de feat, mas, quando li o nome do Latino, o Esp\u00edrito Santo me disse: &#8220;\u00c9 ele&#8221;. Ent\u00e3o n\u00e3o pensei duas vezes e logo soube que o Latino sempre teve o desejo de gravar um louvor, mas nunca deram oportunidade. N\u00e3o houve m\u00fasica mais perfeita para a ocasi\u00e3o\u201d, declarou Virg\u00ednia, que assina a composi\u00e7\u00e3o de \u201cAt\u00e9 Tocar o C\u00e9u\u201d ao lado de Bigair Dy Jaime.<\/p>\n\n\n\n<p>Al\u00e9m da m\u00fasica nas plataformas, o p\u00fablico tamb\u00e9m j\u00e1 poder\u00e1 conferir o v\u00eddeo deste encontro no canal de Virg\u00ednia Arruda no YouTube, onde ela soma mais de 1 milh\u00e3o de inscritos e mais de 210 milh\u00f5es de visualiza\u00e7\u00f5es. Al\u00e9m de Latino, o DVD \u201cTua Gra\u00e7a me Alcan\u00e7ou\u201d conta ainda com as participa\u00e7\u00f5es especiais de Wilian Nascimento, do duo Reino Song e do cantor americano Michael Bethany.<\/p>\n\n\n\n<p>\u201cEsperamos com esse lan\u00e7amento alcan\u00e7ar vidas nos quatro cantos do mundo juntamente com o Latino nessa participa\u00e7\u00e3o incr\u00edvel\u201d, disse a cantora.<\/p>\n\n\n\n<p><strong><em>Assista ao clipe:\u00a0<\/em><\/strong><\/p>\n\n\n\n<figure class=\"wp-block-embed-youtube wp-block-embed is-type-video is-provider-youtube wp-embed-aspect-16-9 wp-has-aspect-ratio\"><div class=\"wp-block-embed__wrapper\">\n<iframe loading=\"lazy\" title=\"At\u00e9 Tocar os C\u00e9us | Virg\u00ednia Arruda feat. Latino\" width=\"630\" height=\"354\" src=\"https:\/\/www.youtube.com\/embed\/d9s6FcKprIw?feature=oembed\" frameborder=\"0\" allow=\"accelerometer; autoplay; clipboard-write; encrypted-media; gyroscope; picture-in-picture\" allowfullscreen><\/iframe>\n<\/div><\/figure>\n","protected":false},"excerpt":{"rendered":"<p>Gravado no final do ano passado, o DVD \u201cTua Gra\u00e7a me Alcan\u00e7ou\u201d promete marcar a carreira da cantora e bispa Virg\u00ednia Arruda. As filmagens aconteceram no ST4 Est\u00fadio, em Jandira, na zona oeste de S\u00e3o Paulo, com dire\u00e7\u00e3o de Flaney Gonz\u00e1lez, mesmo nome por tr\u00e1s de grandes artistas como Henrique e Juliano, Israel e Rodolfo, [&hellip;]<\/p>\n","protected":false},"author":2,"featured_media":10469,"comment_status":"open","ping_status":"open","sticky":false,"template":"","format":"standard","meta":[],"categories":[17,5],"tags":[],"_links":{"self":[{"href":"https:\/\/dgospel.com.br\/portal\/index.php\/wp-json\/wp\/v2\/posts\/10468"}],"collection":[{"href":"https:\/\/dgospel.com.br\/portal\/index.php\/wp-json\/wp\/v2\/posts"}],"about":[{"href":"https:\/\/dgospel.com.br\/portal\/index.php\/wp-json\/wp\/v2\/types\/post"}],"author":[{"embeddable":true,"href":"https:\/\/dgospel.com.br\/portal\/index.php\/wp-json\/wp\/v2\/users\/2"}],"replies":[{"embeddable":true,"href":"https:\/\/dgospel.com.br\/portal\/index.php\/wp-json\/wp\/v2\/comments?post=10468"}],"version-history":[{"count":1,"href":"https:\/\/dgospel.com.br\/portal\/index.php\/wp-json\/wp\/v2\/posts\/10468\/revisions"}],"predecessor-version":[{"id":10470,"href":"https:\/\/dgospel.com.br\/portal\/index.php\/wp-json\/wp\/v2\/posts\/10468\/revisions\/10470"}],"wp:featuredmedia":[{"embeddable":true,"href":"https:\/\/dgospel.com.br\/portal\/index.php\/wp-json\/wp\/v2\/media\/10469"}],"wp:attachment":[{"href":"https:\/\/dgospel.com.br\/portal\/index.php\/wp-json\/wp\/v2\/media?parent=10468"}],"wp:term":[{"taxonomy":"category","embeddable":true,"href":"https:\/\/dgospel.com.br\/portal\/index.php\/wp-json\/wp\/v2\/categories?post=10468"},{"taxonomy":"post_tag","embeddable":true,"href":"https:\/\/dgospel.com.br\/portal\/index.php\/wp-json\/wp\/v2\/tags?post=10468"}],"curies":[{"name":"wp","href":"https:\/\/api.w.org\/{rel}","templated":true}]}}