{"id":10474,"date":"2022-02-07T23:53:19","date_gmt":"2022-02-08T02:53:19","guid":{"rendered":"http:\/\/dgospel.com.br\/portal\/?p=10474"},"modified":"2022-02-07T23:53:21","modified_gmt":"2022-02-08T02:53:21","slug":"polemica-ministra-do-stf-assina-carta-que-faz-apologia-indireta-ao-aborto","status":"publish","type":"post","link":"https:\/\/dgospel.com.br\/portal\/index.php\/2022\/02\/07\/polemica-ministra-do-stf-assina-carta-que-faz-apologia-indireta-ao-aborto\/","title":{"rendered":"Pol\u00eamica: ministra do STF assina carta que faz apologia indireta ao aborto"},"content":{"rendered":"\n<p> A ministra Carmen L\u00facia, do Supremo Tribunal Federal (STF), virou alvo de cr\u00edticas ap\u00f3s participar de uma reuni\u00e3o organizada por mulheres ligadas \u00e0 esquerda, a fim de tratar\u00a0<a href=\"https:\/\/noticias.gospelmais.com.br\/jovens-vida-100-mil-pessoas-contra-aborto-151602.html\">temas progressistas<\/a>, tais como a descriminaliza\u00e7\u00e3o do aborto e a promo\u00e7\u00e3o de pautas de g\u00eanero. <\/p>\n\n\n\n<p>A reuni\u00e3o ocorreu\nna sexta-feira do \u00faltimo dia 28 de janeiro, no apartamento da ex-senadora e\nex-prefeita Marta \u200bSuplicy. Estiveram reunidas cerca de 30 mulheres, sendo elas\nlideran\u00e7as pol\u00edticas, ativistas, personalidades, intelectuais e escritoras.<\/p>\n\n\n\n<p>Segundo informa\u00e7\u00f5es\nde O Tempo, a ministra se op\u00f4s ao uso da palavra \u201caborto\u201d na carta. Em vez\ndisso, sugeriu que a palavra fosse substitu\u00edda por termos como \u201cquest\u00f5es da\nmulher\u201d.<\/p>\n\n\n\n<p>\u201cIsso a\u00ed causa\nmuita pol\u00eamica\u201d, afirmou Carmen Lucia, pouco antes de sair da reuni\u00e3o. No final\ndas contas, a vers\u00e3o final da carta fez refer\u00eancia \u00e0 \u201cmanuten\u00e7\u00e3o e expans\u00e3o dos\ndireitos sexuais e reprodutivos das mulheres\u201d.<\/p>\n\n\n\n<p>Para Lenise Garcia,\nprofessora aposentada da Universidade de Bras\u00edlia (\u200bUnB) e presidente do\nMovimento Nacional da Cidadania pela Vida \u2013 Brasil sem Aborto, o uso de\nexpress\u00f5es como \u201cdireitos sexuais\u201d ou \u201creprodutivos\u201d visam suavizar o impacto\nda palavra \u201caborto\u201d, servindo como substitutos lingu\u00edsticos, o que n\u00e3o muda a\nnatureza da quest\u00e3o.<\/p>\n\n\n\n<p>Lenise explicou que\nesse tipo de maquiagem lingu\u00edstica come\u00e7ou a ser usado nas confer\u00eancias da\nOrganiza\u00e7\u00e3o das Na\u00e7\u00f5es Unidas sobre a mulher na d\u00e9cada de 1990, segundo\ninforma\u00e7\u00f5es da Gazeta do Povo.<\/p>\n\n\n\n<p>\u201cNaquelas\nconfer\u00eancias, ainda muita gente foi enganada por essa express\u00e3o. Acabaram\naprovando documentos em que elas constavam sem se dar conta, exatamente, do que\nestava sendo colocado\u201d, explica a professora. \u201c\u00c9 evidente que isso \u00e9 um\neufemismo para se referir, principalmente, ao aborto\u201d.<\/p>\n\n\n\n<p>Pelas redes\nsociais, ativistas pr\u00f3-vida criticaram a presen\u00e7a de Carmen L\u00facia na reuni\u00e3o\nprogressista ligada \u00e0 esquerda. A psic\u00f3loga crist\u00e3 Marisa Lobo, colunista do\nGospel Mais que milita h\u00e1 d\u00e9cadas contra o aborto no pa\u00eds, tamb\u00e9m se manifestou\nao saber do acontecimento.<\/p>\n\n\n\n<p>\u201cDeixo aqui o meu\nrep\u00fadio a esse documento e a minha indigna\u00e7\u00e3o pela participa\u00e7\u00e3o de uma ministra\ndo STF em mais esse ato pol\u00edtico. Como ativista pr\u00f3-vida e conservadora, n\u00e3o\nposso me calar diante dessa verdadeira aberra\u00e7\u00e3o travestida de \u2018direitos&#8217;\u201d,\ndisparou.<\/p>\n\n\n\n<p>O deputado federal\nBibo Nunes (PSL-RS) tamb\u00e9m reagiu pelas redes sociais, sugerindo que a atitude\nda magistrada ao se encontrar com lideran\u00e7as pol\u00edticas seria fruto de ativismo\njudicial.<\/p>\n\n\n\n<p>\u201cQual o sentido de\numa ministra do STF se reunir no apartamento da ex-petista Marta Suplicy com\nmais 30 mulheres para debater pol\u00edtica?\u201d, questionou o parlamentar. \u201cO certo\nn\u00e3o \u00e9 uma posi\u00e7\u00e3o de neutralidade, ainda mais a anfitri\u00e3 sendo uma esquerdista\ncarimbada? A ministra deve respeitar a liturgia do cargo.\u201d<\/p>\n","protected":false},"excerpt":{"rendered":"<p>A ministra Carmen L\u00facia, do Supremo Tribunal Federal (STF), virou alvo de cr\u00edticas ap\u00f3s participar de uma reuni\u00e3o organizada por mulheres ligadas \u00e0 esquerda, a fim de tratar\u00a0temas progressistas, tais como a descriminaliza\u00e7\u00e3o do aborto e a promo\u00e7\u00e3o de pautas de g\u00eanero. A reuni\u00e3o ocorreu na sexta-feira do \u00faltimo dia 28 de janeiro, no apartamento [&hellip;]<\/p>\n","protected":false},"author":2,"featured_media":10475,"comment_status":"open","ping_status":"open","sticky":false,"template":"","format":"standard","meta":[],"categories":[4],"tags":[14],"_links":{"self":[{"href":"https:\/\/dgospel.com.br\/portal\/index.php\/wp-json\/wp\/v2\/posts\/10474"}],"collection":[{"href":"https:\/\/dgospel.com.br\/portal\/index.php\/wp-json\/wp\/v2\/posts"}],"about":[{"href":"https:\/\/dgospel.com.br\/portal\/index.php\/wp-json\/wp\/v2\/types\/post"}],"author":[{"embeddable":true,"href":"https:\/\/dgospel.com.br\/portal\/index.php\/wp-json\/wp\/v2\/users\/2"}],"replies":[{"embeddable":true,"href":"https:\/\/dgospel.com.br\/portal\/index.php\/wp-json\/wp\/v2\/comments?post=10474"}],"version-history":[{"count":1,"href":"https:\/\/dgospel.com.br\/portal\/index.php\/wp-json\/wp\/v2\/posts\/10474\/revisions"}],"predecessor-version":[{"id":10476,"href":"https:\/\/dgospel.com.br\/portal\/index.php\/wp-json\/wp\/v2\/posts\/10474\/revisions\/10476"}],"wp:featuredmedia":[{"embeddable":true,"href":"https:\/\/dgospel.com.br\/portal\/index.php\/wp-json\/wp\/v2\/media\/10475"}],"wp:attachment":[{"href":"https:\/\/dgospel.com.br\/portal\/index.php\/wp-json\/wp\/v2\/media?parent=10474"}],"wp:term":[{"taxonomy":"category","embeddable":true,"href":"https:\/\/dgospel.com.br\/portal\/index.php\/wp-json\/wp\/v2\/categories?post=10474"},{"taxonomy":"post_tag","embeddable":true,"href":"https:\/\/dgospel.com.br\/portal\/index.php\/wp-json\/wp\/v2\/tags?post=10474"}],"curies":[{"name":"wp","href":"https:\/\/api.w.org\/{rel}","templated":true}]}}