{"id":10483,"date":"2022-02-08T00:04:52","date_gmt":"2022-02-08T03:04:52","guid":{"rendered":"http:\/\/dgospel.com.br\/portal\/?p=10483"},"modified":"2022-02-08T00:04:53","modified_gmt":"2022-02-08T03:04:53","slug":"deputados-defendem-posse-dos-concursados-da-policia-penal","status":"publish","type":"post","link":"https:\/\/dgospel.com.br\/portal\/index.php\/2022\/02\/08\/deputados-defendem-posse-dos-concursados-da-policia-penal\/","title":{"rendered":"Deputados defendem posse dos concursados da Pol\u00edcia Penal"},"content":{"rendered":"\n<p>Com a presen\u00e7a de concursados do Sistema Penal do Estado na tribuna da Assembleia Legislativa do Tocantins (Aleto) na manh\u00e3 desta quarta-feira, 2, os deputados defenderam mais uma vez a posse dos aprovados no concurso da categoria pelo Governo do Estado.<br><\/p>\n\n\n\n<p>Presidente da Casa, o deputado Antonio Andrade (PSL) reuniu-se com os representantes dos candidatos e colocou-se \u00e0 disposi\u00e7\u00e3o para viabilizar a solicita\u00e7\u00e3o do grupo.<\/p>\n\n\n\n<p>Os aprovados j\u00e1 conclu\u00edram o curso regulamentar e instrutivo para a fun\u00e7\u00e3o de seguran\u00e7a nos pres\u00eddios. Presentes \u00e0 sess\u00e3o plen\u00e1ria para pedir apoio aos deputados, eles reivindicaram a contrata\u00e7\u00e3o imediata pelo Governo.<\/p>\n\n\n\n<p>No entanto, a efetiva\u00e7\u00e3o dos policiais penais depende de um projeto de lei complementar, a ser enviado \u00e0 Assembleia pelo Executivo estadual estabelecendo direitos e deveres da nova carreira.<\/p>\n\n\n\n<p>A lei proveniente do projeto vai regulamentar a profiss\u00e3o quanto ao Estatuto da Pol\u00edcia Penal e ao Plano de Cargos, Carreiras e Subs\u00eddios (PCCS) do referido efetivo.<\/p>\n\n\n\n<p>O deputado J\u00fanior Geo (Pros) solicitou o mais r\u00e1pido poss\u00edvel ao Executivo o encaminhamento do projeto de lei para a aprova\u00e7\u00e3o dos parlamentares.<\/p>\n\n\n\n<p>Elenil da Penha (MDB) declarou que as vagas existem, e que o Estado precisa muito dos servi\u00e7os desses profissionais. \u201cPercebo que as a\u00e7\u00f5es do governador em exerc\u00edcio v\u00e3o ao encontro do desejo dos policiais. Com pouco mais de esfor\u00e7o, a situa\u00e7\u00e3o pode ser resolvida rapidamente\u201d, concluiu.<\/p>\n\n\n\n<p>Outros deputados tamb\u00e9m se manifestaram a favor da posse dos policiais, dentre eles Issam Saado (PV), Vanda Monteiro (PSL) e Ricardo Ayres (PSB).<\/p>\n\n\n\n<p>A Pol\u00edcia Penal do Tocantins foi criada em dezembro de 2020, ap\u00f3s a Assembleia Legislativa aprovar um Projeto de Emenda \u00e0 Constitui\u00e7\u00e3o Estadual. Com isso, os agentes penitenci\u00e1rios passaram a integrar uma nova for\u00e7a policial que tem atua\u00e7\u00e3o principal nas unidades penais estaduais.<\/p>\n","protected":false},"excerpt":{"rendered":"<p>Com a presen\u00e7a de concursados do Sistema Penal do Estado na tribuna da Assembleia Legislativa do Tocantins (Aleto) na manh\u00e3 desta quarta-feira, 2, os deputados defenderam mais uma vez a posse dos aprovados no concurso da categoria pelo Governo do Estado. Presidente da Casa, o deputado Antonio Andrade (PSL) reuniu-se com os representantes dos candidatos [&hellip;]<\/p>\n","protected":false},"author":2,"featured_media":10484,"comment_status":"open","ping_status":"open","sticky":false,"template":"","format":"standard","meta":[],"categories":[8],"tags":[],"_links":{"self":[{"href":"https:\/\/dgospel.com.br\/portal\/index.php\/wp-json\/wp\/v2\/posts\/10483"}],"collection":[{"href":"https:\/\/dgospel.com.br\/portal\/index.php\/wp-json\/wp\/v2\/posts"}],"about":[{"href":"https:\/\/dgospel.com.br\/portal\/index.php\/wp-json\/wp\/v2\/types\/post"}],"author":[{"embeddable":true,"href":"https:\/\/dgospel.com.br\/portal\/index.php\/wp-json\/wp\/v2\/users\/2"}],"replies":[{"embeddable":true,"href":"https:\/\/dgospel.com.br\/portal\/index.php\/wp-json\/wp\/v2\/comments?post=10483"}],"version-history":[{"count":1,"href":"https:\/\/dgospel.com.br\/portal\/index.php\/wp-json\/wp\/v2\/posts\/10483\/revisions"}],"predecessor-version":[{"id":10485,"href":"https:\/\/dgospel.com.br\/portal\/index.php\/wp-json\/wp\/v2\/posts\/10483\/revisions\/10485"}],"wp:featuredmedia":[{"embeddable":true,"href":"https:\/\/dgospel.com.br\/portal\/index.php\/wp-json\/wp\/v2\/media\/10484"}],"wp:attachment":[{"href":"https:\/\/dgospel.com.br\/portal\/index.php\/wp-json\/wp\/v2\/media?parent=10483"}],"wp:term":[{"taxonomy":"category","embeddable":true,"href":"https:\/\/dgospel.com.br\/portal\/index.php\/wp-json\/wp\/v2\/categories?post=10483"},{"taxonomy":"post_tag","embeddable":true,"href":"https:\/\/dgospel.com.br\/portal\/index.php\/wp-json\/wp\/v2\/tags?post=10483"}],"curies":[{"name":"wp","href":"https:\/\/api.w.org\/{rel}","templated":true}]}}