{"id":10486,"date":"2022-02-08T15:01:59","date_gmt":"2022-02-08T18:01:59","guid":{"rendered":"http:\/\/dgospel.com.br\/portal\/?p=10486"},"modified":"2022-02-08T15:02:00","modified_gmt":"2022-02-08T18:02:00","slug":"leo-barbosa-solicita-que-pcd-tenha-ipva-isento-para-carros-de-ate-r-140-mil-no-to","status":"publish","type":"post","link":"https:\/\/dgospel.com.br\/portal\/index.php\/2022\/02\/08\/leo-barbosa-solicita-que-pcd-tenha-ipva-isento-para-carros-de-ate-r-140-mil-no-to\/","title":{"rendered":"L\u00e9o Barbosa solicita que PcD tenha IPVA isento para carros de at\u00e9 R$ 140 mil no TO"},"content":{"rendered":"\n<p>&nbsp;O deputado estadual L\u00e9o Barbosa (SD) protocolou nesta ter\u00e7a-feira (08), um requerimento solicitando que o Governo do Tocantins envie a Assembleia Legislativa Projeto de Lei alterando o art. 71, inciso VI, da Lei 1.287, de 28 de dezembro de 2001, que disp\u00f5e sobre o C\u00f3digo Tribut\u00e1rio do Estado Tocantins, elevando o teto do valor do ve\u00edculo de R$ 70 mil para R$ 140 mil para fins de isen\u00e7\u00e3o do IPVA, adquirido por pessoa com defici\u00eancia f\u00edsica, visual ou mental severa ou profunda, e autista.<\/p>\n\n\n\n<p>Segundo a justificativa da solicita\u00e7\u00e3o, &#8220;nos \u00faltimos anos, o valor dos ve\u00edculos,&nbsp;tanto novos quanto usados, sofreram expressivos acr\u00e9scimos. Consequentemente fez com que muitos modelos adaptados que atendem as necessidades&nbsp; das PcD ultrapassem o valor de R$ 70 mil e, nestes casos, a pessoa com defici\u00eancia fica privada do direito \u00e0 isen\u00e7\u00e3o&#8221;, consta no documento.<\/p>\n\n\n\n<p>Para L\u00e9o Barbosa esta amplia\u00e7\u00e3o do limite de valor dos ve\u00edculos para fins de isen\u00e7\u00e3o do IPVA \u00e9 uma quest\u00e3o de acessibilidade e reconhecimento da necessidade de condi\u00e7\u00f5es adequadas de locomo\u00e7\u00e3o.<\/p>\n\n\n\n<p>&nbsp;&#8220;Possuir um ve\u00edculo para locomo\u00e7\u00e3o de pessoas com defici\u00eancias \u00e9 uma necessidade e n\u00e3o luxo. Infelizmente temos acompanhado o aumento exorbitante no valor dos carros e o que o poder p\u00fablico pode fazer para amenizar os custos para estas pessoas \u00e9 ampliar a cobertura da isen\u00e7\u00e3o&#8221;, destacou L\u00e9o.<\/p>\n","protected":false},"excerpt":{"rendered":"<p>&nbsp;O deputado estadual L\u00e9o Barbosa (SD) protocolou nesta ter\u00e7a-feira (08), um requerimento solicitando que o Governo do Tocantins envie a Assembleia Legislativa Projeto de Lei alterando o art. 71, inciso VI, da Lei 1.287, de 28 de dezembro de 2001, que disp\u00f5e sobre o C\u00f3digo Tribut\u00e1rio do Estado Tocantins, elevando o teto do valor do [&hellip;]<\/p>\n","protected":false},"author":2,"featured_media":10487,"comment_status":"open","ping_status":"open","sticky":false,"template":"","format":"standard","meta":[],"categories":[8,4],"tags":[],"_links":{"self":[{"href":"https:\/\/dgospel.com.br\/portal\/index.php\/wp-json\/wp\/v2\/posts\/10486"}],"collection":[{"href":"https:\/\/dgospel.com.br\/portal\/index.php\/wp-json\/wp\/v2\/posts"}],"about":[{"href":"https:\/\/dgospel.com.br\/portal\/index.php\/wp-json\/wp\/v2\/types\/post"}],"author":[{"embeddable":true,"href":"https:\/\/dgospel.com.br\/portal\/index.php\/wp-json\/wp\/v2\/users\/2"}],"replies":[{"embeddable":true,"href":"https:\/\/dgospel.com.br\/portal\/index.php\/wp-json\/wp\/v2\/comments?post=10486"}],"version-history":[{"count":1,"href":"https:\/\/dgospel.com.br\/portal\/index.php\/wp-json\/wp\/v2\/posts\/10486\/revisions"}],"predecessor-version":[{"id":10488,"href":"https:\/\/dgospel.com.br\/portal\/index.php\/wp-json\/wp\/v2\/posts\/10486\/revisions\/10488"}],"wp:featuredmedia":[{"embeddable":true,"href":"https:\/\/dgospel.com.br\/portal\/index.php\/wp-json\/wp\/v2\/media\/10487"}],"wp:attachment":[{"href":"https:\/\/dgospel.com.br\/portal\/index.php\/wp-json\/wp\/v2\/media?parent=10486"}],"wp:term":[{"taxonomy":"category","embeddable":true,"href":"https:\/\/dgospel.com.br\/portal\/index.php\/wp-json\/wp\/v2\/categories?post=10486"},{"taxonomy":"post_tag","embeddable":true,"href":"https:\/\/dgospel.com.br\/portal\/index.php\/wp-json\/wp\/v2\/tags?post=10486"}],"curies":[{"name":"wp","href":"https:\/\/api.w.org\/{rel}","templated":true}]}}