{"id":10489,"date":"2022-02-08T15:07:35","date_gmt":"2022-02-08T18:07:35","guid":{"rendered":"http:\/\/dgospel.com.br\/portal\/?p=10489"},"modified":"2022-02-08T15:07:36","modified_gmt":"2022-02-08T18:07:36","slug":"governo-de-cuba-persegue-e-pressiona-lideres-religiosos","status":"publish","type":"post","link":"https:\/\/dgospel.com.br\/portal\/index.php\/2022\/02\/08\/governo-de-cuba-persegue-e-pressiona-lideres-religiosos\/","title":{"rendered":"Governo de cuba persegue e pressiona l\u00edderes religiosos"},"content":{"rendered":"\n<p>A falha do regime e a piora nas condi\u00e7\u00f5es de vida no pa\u00eds t\u00eam gerado ondas de cr\u00edticas da sociedade em geral. Apesar das a\u00e7\u00f5es de intimida\u00e7\u00e3o do regime, os cubanos t\u00eam permanecido firmes ao pedir &#8211; cada vez mais &#8211; respeito a suas liberdades b\u00e1sicas e uma mudan\u00e7a radical no modelo atual de governo. Onde os cidad\u00e3os n\u00e3o se alinham aos interesses do governo, o resultado \u00e9 uma repress\u00e3o ainda maior das autoridades e seus apoiadores.<\/p>\n\n\n\n<p>Isso tem feito com que l\u00edderes de igrejas tamb\u00e9m fa\u00e7am cr\u00edticas cada vez mais abertamente. Por um lado, a defesa dos mais vulner\u00e1veis e as atividades conjuntas entre diversas denomina\u00e7\u00f5es fortalecem a unidade e o respeito nas comunidades. Por outro lado, tem feito a igreja um constante alvo de hostilidade e controle por parte do governo cubano.<\/p>\n\n\n\n<p>As atividades das igrejas consideradas \u201camigas do governo\u201d s\u00e3o aceitas, enquanto n\u00e3o interferirem nos interesses do regime quanto ao controle dos cidad\u00e3os. Qualquer igreja que n\u00e3o aceita a premissa comunista que dirige a vida no pa\u00eds \u00e9 reprimida severamente. O principal motivo para serem feitas de alvo \u00e9 ao tentarem denunciar as viola\u00e7\u00f5es feitas contra elas. Al\u00e9m disso, o governo, por meio de pol\u00edticas p\u00fablicas e propostas legislativas, mostra sinais de apoio a ideologias que contradizem valores crist\u00e3os.<\/p>\n\n\n\n<p>Por conta das restri\u00e7\u00f5es \u00e0 liberdade religiosa, muitas vezes crist\u00e3os s\u00e3o for\u00e7ados a agir contra suas cren\u00e7as n\u00e3o apenas para evitar ser alvo do regime, mas tamb\u00e9m para ter acesso a servi\u00e7os b\u00e1sicos. Quanto a isso, a crise causada pela COVID-19 foi uma oportunidade conveniente para o regime aumentar os n\u00edveis de repress\u00e3o contra crist\u00e3os que, por causa da f\u00e9 que professam, n\u00e3o est\u00e3o aliados aos interesses do governo e o contradizem abertamente.<\/p>\n\n\n\n<p><strong>Como \u00e9 a persegui\u00e7\u00e3o&nbsp;aos crist\u00e3os&nbsp;em Cuba?&nbsp;<\/strong><\/p>\n\n\n\n<p>Desde 1959, Cuba \u00e9 governada pelo Partido Comunista, que busca controlar a igreja de acordo com a ideologia comunista. O governo reage duramente contra vozes opositoras e manifestantes, ent\u00e3o, quando l\u00edderes de igrejas ou ativistas crist\u00e3os criticam o regime, enfrentam pris\u00e3o, fechamento de igrejas ou neg\u00f3cios e ass\u00e9dio do governo e de seus&nbsp;simpatizantes.&nbsp;<\/p>\n\n\n\n<p>O registro&nbsp;para novas igrejas&nbsp;com frequ\u00eancia&nbsp;\u00e9&nbsp;negado, j\u00e1 que as autoridades querem controlar e limitar a influ\u00eancia da igreja&nbsp;\u2014&nbsp;for\u00e7ando muitas igrejas a operarem ilegalmente. Isso leva&nbsp;\u00e0&nbsp;imposi\u00e7\u00e3o de&nbsp;penalidades, como a recusa completa para emiss\u00e3o das licen\u00e7as, multas pesadas, confisco de propriedades ou at\u00e9 mesmo demoli\u00e7\u00e3o ou fechamento de igrejas, incluindo igrejas dom\u00e9sticas. O governo controla todas as m\u00eddias e restringe o acesso&nbsp;ao mundo exterior, ent\u00e3o \u00e9 muito dif\u00edcil para os crist\u00e3os se comunicarem no pa\u00eds.&nbsp;<\/p>\n\n\n\n<p>De acordo com pastor Luiz*, l\u00edder de uma igreja cubana, a falta de registro faz com que crist\u00e3os se encontrem clandestinamente. \u201cN\u00f3s nos encontramos na garagem da minha casa e em casas em bairros diferentes porque at\u00e9 hoje n\u00e3o temos um pr\u00e9dio e nem mesmo a possibilidade de registrar legalmente nossa igreja.\u201d, explica.<\/p>\n\n\n\n<p><strong>O que mudou este ano?&nbsp;<\/strong><\/p>\n\n\n\n<p>A&nbsp;persegui\u00e7\u00e3o em Cuba continua piorando.&nbsp;Em 2021, Cuba estava fora do&nbsp;Top50 da&nbsp;<a href=\"http:\/\/www.portasabertas.org.br\/listamundial\" target=\"_blank\" rel=\"noreferrer noopener\">Lista Mundial da Persegui\u00e7\u00e3o<\/a>, ficando em 51\u00ba, e no ano anterior em 61\u00ba. &nbsp;Na Lista Mundial da Persegui\u00e7\u00e3o 2022, o pa\u00eds configura em 37\u00ba lugar, um aumento de 13 posi\u00e7\u00f5es em rela\u00e7\u00e3o ao ano passado. O cont\u00ednuo aumento \u00e9 resultado de medidas altamente restritivas contra igrejas consideradas oponentes ao regime&nbsp;\u2014&nbsp;principalmente as igrejas protestantes n\u00e3o registradas.&nbsp;&nbsp;<\/p>\n\n\n\n<p>A crise da COVID-19 tem sido usada como pretexto para impedir atividades comunit\u00e1rias e da igreja, monitorar l\u00edderes de igrejas, fazer pris\u00f5es arbitr\u00e1rias, confiscar propriedade privada e impor taxas de extors\u00e3o.&nbsp;<a href=\"https:\/\/portasabertas.org.br\/noticias\/cristaos-perseguidos\/quem-sao-os-pastores-presos-em-cuba\" target=\"_blank\" rel=\"noreferrer noopener\">L\u00edderes crist\u00e3os de diferentes denomina\u00e7\u00f5es est\u00e3o entre os presos durante manifesta\u00e7\u00f5es&nbsp;contra o&nbsp;governo<\/a>&nbsp;ocorridas em julho de 2021.&nbsp;<\/p>\n\n\n\n<p><strong>Persegui\u00e7\u00e3o na Am\u00e9rica Latina<\/strong><\/p>\n\n\n\n<p>Al\u00e9m de Cuba, Col\u00f4mbia e M\u00e9xico tamb\u00e9m integram a Lista Mundial da Persegui\u00e7\u00e3o 2022, que mostra os 50 pa\u00edses onde os crist\u00e3os s\u00e3o mais perseguidos por seguirem a Jesus. Ao se converterem, muitos crist\u00e3os s\u00e3o for\u00e7ados a deixar o emprego e abandonar o local onde vivem. Eles necessitam de apoio material, emocional e espiritual para criar ra\u00edzes em Deus e resistir \u00e0 persegui\u00e7\u00e3o. A Portas Abertas lan\u00e7ou uma campanha, para que estes crist\u00e3os sejam assistidos em suas necessidades.&nbsp;<a href=\"https:\/\/portasabertas.org.br\/doe\/campanhas\/colombia\" target=\"_blank\" rel=\"noreferrer noopener\">&nbsp;Acesse o link, saiba mais e participe!&nbsp;<\/a><\/p>\n\n\n\n<p><em>*Nome alterado por motivo de seguran\u00e7a<\/em><\/p>\n","protected":false},"excerpt":{"rendered":"<p>A falha do regime e a piora nas condi\u00e7\u00f5es de vida no pa\u00eds t\u00eam gerado ondas de cr\u00edticas da sociedade em geral. Apesar das a\u00e7\u00f5es de intimida\u00e7\u00e3o do regime, os cubanos t\u00eam permanecido firmes ao pedir &#8211; cada vez mais &#8211; respeito a suas liberdades b\u00e1sicas e uma mudan\u00e7a radical no modelo atual de governo. [&hellip;]<\/p>\n","protected":false},"author":2,"featured_media":10490,"comment_status":"open","ping_status":"open","sticky":false,"template":"","format":"standard","meta":[],"categories":[5,1],"tags":[],"_links":{"self":[{"href":"https:\/\/dgospel.com.br\/portal\/index.php\/wp-json\/wp\/v2\/posts\/10489"}],"collection":[{"href":"https:\/\/dgospel.com.br\/portal\/index.php\/wp-json\/wp\/v2\/posts"}],"about":[{"href":"https:\/\/dgospel.com.br\/portal\/index.php\/wp-json\/wp\/v2\/types\/post"}],"author":[{"embeddable":true,"href":"https:\/\/dgospel.com.br\/portal\/index.php\/wp-json\/wp\/v2\/users\/2"}],"replies":[{"embeddable":true,"href":"https:\/\/dgospel.com.br\/portal\/index.php\/wp-json\/wp\/v2\/comments?post=10489"}],"version-history":[{"count":1,"href":"https:\/\/dgospel.com.br\/portal\/index.php\/wp-json\/wp\/v2\/posts\/10489\/revisions"}],"predecessor-version":[{"id":10491,"href":"https:\/\/dgospel.com.br\/portal\/index.php\/wp-json\/wp\/v2\/posts\/10489\/revisions\/10491"}],"wp:featuredmedia":[{"embeddable":true,"href":"https:\/\/dgospel.com.br\/portal\/index.php\/wp-json\/wp\/v2\/media\/10490"}],"wp:attachment":[{"href":"https:\/\/dgospel.com.br\/portal\/index.php\/wp-json\/wp\/v2\/media?parent=10489"}],"wp:term":[{"taxonomy":"category","embeddable":true,"href":"https:\/\/dgospel.com.br\/portal\/index.php\/wp-json\/wp\/v2\/categories?post=10489"},{"taxonomy":"post_tag","embeddable":true,"href":"https:\/\/dgospel.com.br\/portal\/index.php\/wp-json\/wp\/v2\/tags?post=10489"}],"curies":[{"name":"wp","href":"https:\/\/api.w.org\/{rel}","templated":true}]}}