{"id":10492,"date":"2022-02-08T15:29:41","date_gmt":"2022-02-08T18:29:41","guid":{"rendered":"http:\/\/dgospel.com.br\/portal\/?p=10492"},"modified":"2022-02-08T15:29:42","modified_gmt":"2022-02-08T18:29:42","slug":"ptb-aciona-oab-mp-e-camara-contra-petista-que-invadiu-igreja","status":"publish","type":"post","link":"https:\/\/dgospel.com.br\/portal\/index.php\/2022\/02\/08\/ptb-aciona-oab-mp-e-camara-contra-petista-que-invadiu-igreja\/","title":{"rendered":"PTB aciona OAB, MP e C\u00e2mara contra petista que invadiu igreja"},"content":{"rendered":"\n<p>\n\nNesta segunda-feira (7), o diret\u00f3rio paranaense do Partido Trabalhista Brasileiro (PTB-PR) ingressou a\u00e7\u00f5es judiciais contra o vereador petista Renato Freitas, que liderou invas\u00e3o a uma igreja cat\u00f3lica de Curitiba no \u00faltimo s\u00e1bado (6).\n\n<\/p>\n\n\n\n<figure class=\"wp-block-image\"><img src=\"https:\/\/static.cdn.pleno.news\/2022\/02\/Renato-Freitas-1.jpg\" alt=\"Vereador Renato Freitas\" class=\"wp-image-891327\"\/><figcaption>Vereador Renato Freitas&nbsp;Foto: Reprodu\u00e7\u00e3o\/YouTube\/C\u00e2mara Municipal de Curitiba<\/figcaption><\/figure>\n\n\n\n<p>A presidente regional da sigla, Marisa Lobo, afirmou que denunciou Freitas \u00e0 Ordem dos Advogados do Brasil (OAB-PR), ao Minist\u00e9rio P\u00fablico (MPPR) e \u00e0 C\u00e2mara Municipal de Curitiba por intoler\u00e2ncia religiosa. Ela pede que o mandato do vereador seja cassado. Para ela, a invas\u00e3o foi um ato de cristofobia.<\/p>\n\n\n\n<p>\u2013 Essa \u00e9 a resposta aos atos de intoler\u00e2ncia religiosa praticados pelo vereador Renato Freitas, que, absurdamente, invadiu a Igreja Nossa Senhora do Ros\u00e1rio, com dezenas de militantes do PT e do PCdoB, interrompendo a missa e constrangendo os fi\u00e9is \u2013 afirmou.<\/p>\n\n\n\n<p>Este n\u00e3o \u00e9 o primeiro pedido de cassa\u00e7\u00e3o de qual Freitas \u00e9 alvo. Como publicado pelo&nbsp;<strong>Pleno.News<\/strong>, nesta segunda-feira (7), o vereador Eder Borges apresentou uma representa\u00e7\u00e3o contra o petista pedindo que o colega responda por quebra de decoro parlamentar e que seja punido com a perda do mandato.&nbsp;<a href=\"https:\/\/pleno.news\/brasil\/politica-nacional\/vereador-petista-que-invadiu-igreja-pode-perder-mandato.html\" target=\"_blank\" rel=\"noreferrer noopener\">Leia mais aqui<\/a>.<\/p>\n","protected":false},"excerpt":{"rendered":"<p>Nesta segunda-feira (7), o diret\u00f3rio paranaense do Partido Trabalhista Brasileiro (PTB-PR) ingressou a\u00e7\u00f5es judiciais contra o vereador petista Renato Freitas, que liderou invas\u00e3o a uma igreja cat\u00f3lica de Curitiba no \u00faltimo s\u00e1bado (6). A presidente regional da sigla, Marisa Lobo, afirmou que denunciou Freitas \u00e0 Ordem dos Advogados do Brasil (OAB-PR), ao Minist\u00e9rio P\u00fablico (MPPR) [&hellip;]<\/p>\n","protected":false},"author":2,"featured_media":10493,"comment_status":"open","ping_status":"open","sticky":false,"template":"","format":"standard","meta":[],"categories":[4],"tags":[],"_links":{"self":[{"href":"https:\/\/dgospel.com.br\/portal\/index.php\/wp-json\/wp\/v2\/posts\/10492"}],"collection":[{"href":"https:\/\/dgospel.com.br\/portal\/index.php\/wp-json\/wp\/v2\/posts"}],"about":[{"href":"https:\/\/dgospel.com.br\/portal\/index.php\/wp-json\/wp\/v2\/types\/post"}],"author":[{"embeddable":true,"href":"https:\/\/dgospel.com.br\/portal\/index.php\/wp-json\/wp\/v2\/users\/2"}],"replies":[{"embeddable":true,"href":"https:\/\/dgospel.com.br\/portal\/index.php\/wp-json\/wp\/v2\/comments?post=10492"}],"version-history":[{"count":1,"href":"https:\/\/dgospel.com.br\/portal\/index.php\/wp-json\/wp\/v2\/posts\/10492\/revisions"}],"predecessor-version":[{"id":10494,"href":"https:\/\/dgospel.com.br\/portal\/index.php\/wp-json\/wp\/v2\/posts\/10492\/revisions\/10494"}],"wp:featuredmedia":[{"embeddable":true,"href":"https:\/\/dgospel.com.br\/portal\/index.php\/wp-json\/wp\/v2\/media\/10493"}],"wp:attachment":[{"href":"https:\/\/dgospel.com.br\/portal\/index.php\/wp-json\/wp\/v2\/media?parent=10492"}],"wp:term":[{"taxonomy":"category","embeddable":true,"href":"https:\/\/dgospel.com.br\/portal\/index.php\/wp-json\/wp\/v2\/categories?post=10492"},{"taxonomy":"post_tag","embeddable":true,"href":"https:\/\/dgospel.com.br\/portal\/index.php\/wp-json\/wp\/v2\/tags?post=10492"}],"curies":[{"name":"wp","href":"https:\/\/api.w.org\/{rel}","templated":true}]}}