{"id":10498,"date":"2022-02-09T15:03:52","date_gmt":"2022-02-09T18:03:52","guid":{"rendered":"http:\/\/dgospel.com.br\/portal\/?p=10498"},"modified":"2022-02-09T15:03:53","modified_gmt":"2022-02-09T18:03:53","slug":"no-rn-presidente-bolsonaro-e-seguido-por-multidao-nas-ruas","status":"publish","type":"post","link":"https:\/\/dgospel.com.br\/portal\/index.php\/2022\/02\/09\/no-rn-presidente-bolsonaro-e-seguido-por-multidao-nas-ruas\/","title":{"rendered":"No RN, presidente Bolsonaro \u00e9 seguido por multid\u00e3o nas ruas"},"content":{"rendered":"\n<p>O presidente&nbsp;<a href=\"http:\/\/pleno.news\/tag\/jair-bolsonaro\" target=\"_blank\" rel=\"noreferrer noopener\">Jair Bolsonaro<\/a>&nbsp;desfilou em carro aberto e foi seguido por uma multid\u00e3o pelas ruas da cidade de Caic\u00f3, no&nbsp;<a href=\"http:\/\/pleno.news\/tag\/rio-grande-do-norte\" target=\"_blank\" rel=\"noreferrer noopener\">Rio Grande do Norte<\/a>, na manh\u00e3 desta quarta-feira (9). Durante o trajeto pela cidade, que foi registrado nas redes sociais do chefe do Executivo, Bolsonaro ainda desceu do carro para fazer fotos com v\u00e1rios apoiadores.<\/p>\n\n\n\n<p>\u2013 Estamos em Caic\u00f3, Rio Grande do Norte, juntamente com o ministro Rog\u00e9rio Marinho. Vamos aqui entregar o eixo Norte da transposi\u00e7\u00e3o do S\u00e3o Francisco. Ent\u00e3o, \u00e9 motivo de grande satisfa\u00e7\u00e3o para n\u00f3s. Realmente o trabalho de todo o nosso governo, em especial aqui do Rog\u00e9rio Marinho, se empenhando para trazer \u00e1gua para o Nordeste. Isso n\u00e3o tem pre\u00e7o \u2013 disse.<\/p>\n\n\n\n<p>Bolsonaro tamb\u00e9m destacou que a falta de \u00e1gua era \u201cquase uma constante\u201d na regi\u00e3o e afirmou que a obra a ser entregue nesta quarta-feira foi \u201cpotencializada\u201d pelo governo.<\/p>\n\n\n\n<p>Logo ap\u00f3s o trajeto pelas ruas de Caic\u00f3, o presidente viajou para a cidade de Jucurutu, tamb\u00e9m no Rio Grande do Norte, onde, \u00e0s 9h30, ele visitou a Barragem de Oiticica.<\/p>\n\n\n\n<p>\u00c0s 11h, est\u00e1 agendada a ida de Bolsonaro para a cidade de Jardim de Piranhas (RN), onde ele participar\u00e1 de cerim\u00f4nia alusiva \u00e0 chegada das \u00e1guas do rio S\u00e3o Francisco ao estado do Rio Grande do Norte.<\/p>\n\n\n\n<p>Antes do retorno do presidente para Bras\u00edlia, ainda est\u00e1 prevista uma \u201cjegueata\u201d, esp\u00e9cie de passeio de jegue aos moldes das motociatas, que deve acontecer no final da tarde.<\/p>\n","protected":false},"excerpt":{"rendered":"<p>O presidente&nbsp;Jair Bolsonaro&nbsp;desfilou em carro aberto e foi seguido por uma multid\u00e3o pelas ruas da cidade de Caic\u00f3, no&nbsp;Rio Grande do Norte, na manh\u00e3 desta quarta-feira (9). Durante o trajeto pela cidade, que foi registrado nas redes sociais do chefe do Executivo, Bolsonaro ainda desceu do carro para fazer fotos com v\u00e1rios apoiadores. \u2013 Estamos [&hellip;]<\/p>\n","protected":false},"author":2,"featured_media":10499,"comment_status":"open","ping_status":"open","sticky":false,"template":"","format":"standard","meta":[],"categories":[4],"tags":[13],"_links":{"self":[{"href":"https:\/\/dgospel.com.br\/portal\/index.php\/wp-json\/wp\/v2\/posts\/10498"}],"collection":[{"href":"https:\/\/dgospel.com.br\/portal\/index.php\/wp-json\/wp\/v2\/posts"}],"about":[{"href":"https:\/\/dgospel.com.br\/portal\/index.php\/wp-json\/wp\/v2\/types\/post"}],"author":[{"embeddable":true,"href":"https:\/\/dgospel.com.br\/portal\/index.php\/wp-json\/wp\/v2\/users\/2"}],"replies":[{"embeddable":true,"href":"https:\/\/dgospel.com.br\/portal\/index.php\/wp-json\/wp\/v2\/comments?post=10498"}],"version-history":[{"count":1,"href":"https:\/\/dgospel.com.br\/portal\/index.php\/wp-json\/wp\/v2\/posts\/10498\/revisions"}],"predecessor-version":[{"id":10500,"href":"https:\/\/dgospel.com.br\/portal\/index.php\/wp-json\/wp\/v2\/posts\/10498\/revisions\/10500"}],"wp:featuredmedia":[{"embeddable":true,"href":"https:\/\/dgospel.com.br\/portal\/index.php\/wp-json\/wp\/v2\/media\/10499"}],"wp:attachment":[{"href":"https:\/\/dgospel.com.br\/portal\/index.php\/wp-json\/wp\/v2\/media?parent=10498"}],"wp:term":[{"taxonomy":"category","embeddable":true,"href":"https:\/\/dgospel.com.br\/portal\/index.php\/wp-json\/wp\/v2\/categories?post=10498"},{"taxonomy":"post_tag","embeddable":true,"href":"https:\/\/dgospel.com.br\/portal\/index.php\/wp-json\/wp\/v2\/tags?post=10498"}],"curies":[{"name":"wp","href":"https:\/\/api.w.org\/{rel}","templated":true}]}}