{"id":10501,"date":"2022-02-09T15:12:44","date_gmt":"2022-02-09T18:12:44","guid":{"rendered":"http:\/\/dgospel.com.br\/portal\/?p=10501"},"modified":"2022-02-09T15:12:45","modified_gmt":"2022-02-09T18:12:45","slug":"hang-nega-apoio-a-moro-estou-100-do-lado-do-governo","status":"publish","type":"post","link":"https:\/\/dgospel.com.br\/portal\/index.php\/2022\/02\/09\/hang-nega-apoio-a-moro-estou-100-do-lado-do-governo\/","title":{"rendered":"Hang nega apoio a Moro: \u2018Estou 100% do lado do governo\u2019"},"content":{"rendered":"\n<p> O empres\u00e1rio Luciano Hang, dono das lojas Havan, durante participa\u00e7\u00e3o no programa P\u00e2nico nesta ter\u00e7a-feira (8), negou qualquer apoio \u00e0 candidatura do ex-ministro Sergio Moro \u00e0 Presid\u00eancia da Rep\u00fablica. \u00c1rduo apoiador do presidente Jair Bolsonaro, Hang disse que continua \u201c100%\u201d ao lado do chefe do Executivo.<\/p>\n\n\n\n<p> \u2013 Estou 100% do lado do governo. A transpar\u00eancia do Bolsonaro \u00e9 t\u00e3o grande que as pessoas n\u00e3o estavam acostumadas. As pessoas estavam acostumadas com o politicamente correto. Hoje, est\u00e1 mudando. As redes sociais dominam a cabe\u00e7a das pessoas. As pessoas acreditam mais [no que \u00e9 veiculado nelas] do que naquilo que apresentava a grande m\u00eddia \u2013 disse.  <\/p>\n\n\n\n<p>O empres\u00e1rio ainda disse que considera a pr\u00f3xima elei\u00e7\u00e3o \u201ca guerra das guerras\u201d.<\/p>\n\n\n\n<p>\u2013 As elei\u00e7\u00f5es deste ano, para mim, s\u00e3o a guerra das guerras, a \u00faltima batalha. Se vencermos, temos certeza [de] que vamos fazer grandes mudan\u00e7as a partir de 2023. A Havan cresceu durante d\u00e9cadas para chegar onde chegamos. Ano que vem a Havan n\u00e3o tem nada programado. Vamos esperar o que vai acontecer nas elei\u00e7\u00f5es. Vou mudar a minha vida baseado nas elei\u00e7\u00f5es \u2013 informou.<\/p>\n\n\n\n<p>Cotado para concorrer a uma vaga no Senado Federal, Hang n\u00e3o descartou a possibilidade de disputar. Ele disse ainda que tem conversado com aliados sobre o assunto.<\/p>\n\n\n\n<p>\u2013 Sinceramente, acordo de um jeito e vou dormir de outro. O[s] \u00fanico[s] partido[s] [para os] que eu n\u00e3o iria s\u00e3o os de extrema-esquerda. \u00c9 lament\u00e1vel que voc\u00ea precise de um partido para se candidatar. Muitos pol\u00edticos hoje precisam de um partido, mas n\u00e3o \u00e9 o da ideologia dele. Estou conversando. N\u00e3o est\u00e1 descartada a possibilidade de eu talvez ser candidato. Mas tenho at\u00e9 dia 2 de abril e vou esperar at\u00e9 o \u00faltimo momento. Estou pensando, estou com os p\u00e9s nas duas canoas. Gostaria de ajudar mais o pa\u00eds do que j\u00e1 tenho certeza [de] que ajudo \u2013 afirmou Hang.<br><\/p>\n","protected":false},"excerpt":{"rendered":"<p>O empres\u00e1rio Luciano Hang, dono das lojas Havan, durante participa\u00e7\u00e3o no programa P\u00e2nico nesta ter\u00e7a-feira (8), negou qualquer apoio \u00e0 candidatura do ex-ministro Sergio Moro \u00e0 Presid\u00eancia da Rep\u00fablica. \u00c1rduo apoiador do presidente Jair Bolsonaro, Hang disse que continua \u201c100%\u201d ao lado do chefe do Executivo. \u2013 Estou 100% do lado do governo. A transpar\u00eancia [&hellip;]<\/p>\n","protected":false},"author":2,"featured_media":10502,"comment_status":"open","ping_status":"open","sticky":false,"template":"","format":"standard","meta":[],"categories":[4],"tags":[13],"_links":{"self":[{"href":"https:\/\/dgospel.com.br\/portal\/index.php\/wp-json\/wp\/v2\/posts\/10501"}],"collection":[{"href":"https:\/\/dgospel.com.br\/portal\/index.php\/wp-json\/wp\/v2\/posts"}],"about":[{"href":"https:\/\/dgospel.com.br\/portal\/index.php\/wp-json\/wp\/v2\/types\/post"}],"author":[{"embeddable":true,"href":"https:\/\/dgospel.com.br\/portal\/index.php\/wp-json\/wp\/v2\/users\/2"}],"replies":[{"embeddable":true,"href":"https:\/\/dgospel.com.br\/portal\/index.php\/wp-json\/wp\/v2\/comments?post=10501"}],"version-history":[{"count":1,"href":"https:\/\/dgospel.com.br\/portal\/index.php\/wp-json\/wp\/v2\/posts\/10501\/revisions"}],"predecessor-version":[{"id":10503,"href":"https:\/\/dgospel.com.br\/portal\/index.php\/wp-json\/wp\/v2\/posts\/10501\/revisions\/10503"}],"wp:featuredmedia":[{"embeddable":true,"href":"https:\/\/dgospel.com.br\/portal\/index.php\/wp-json\/wp\/v2\/media\/10502"}],"wp:attachment":[{"href":"https:\/\/dgospel.com.br\/portal\/index.php\/wp-json\/wp\/v2\/media?parent=10501"}],"wp:term":[{"taxonomy":"category","embeddable":true,"href":"https:\/\/dgospel.com.br\/portal\/index.php\/wp-json\/wp\/v2\/categories?post=10501"},{"taxonomy":"post_tag","embeddable":true,"href":"https:\/\/dgospel.com.br\/portal\/index.php\/wp-json\/wp\/v2\/tags?post=10501"}],"curies":[{"name":"wp","href":"https:\/\/api.w.org\/{rel}","templated":true}]}}