{"id":10504,"date":"2022-02-09T15:45:31","date_gmt":"2022-02-09T18:45:31","guid":{"rendered":"http:\/\/dgospel.com.br\/portal\/?p=10504"},"modified":"2022-02-09T15:45:32","modified_gmt":"2022-02-09T18:45:32","slug":"vereador-rubens-uchoa-reafirma-compromisso-de-continuar-fiscalizando-o-executivo-municipal","status":"publish","type":"post","link":"https:\/\/dgospel.com.br\/portal\/index.php\/2022\/02\/09\/vereador-rubens-uchoa-reafirma-compromisso-de-continuar-fiscalizando-o-executivo-municipal\/","title":{"rendered":"Vereador Rubens Uch\u00f4a reafirma compromisso de continuar fiscalizando o executivo municipal"},"content":{"rendered":"\n<p>O vereador Rubens Uch\u00f4a participou da sess\u00e3o solene de abertura do ano legislativo de 2022 na \u00faltima ter\u00e7a-feira, 08. Na ocasi\u00e3o, ele afirmou que a expectativa da c\u00e2mara \u00e9 que neste ano de 2022 possam trabalhar mais e acertar mais. O vereador falou tamb\u00e9m sobre o que a popula\u00e7\u00e3o palmense espera dos vereadores. \u201cH\u00e1 uma preocupa\u00e7\u00e3o da popula\u00e7\u00e3o de Palmas por renova\u00e7\u00e3o. A popula\u00e7\u00e3o sabe que entraram v\u00e1rios vereadores novos, mas isso realmente traz a renova\u00e7\u00e3o? N\u00f3s precisamos trabalhar mesmo e pegar mais firme, para que 2022 seja um ano de mais conquistas e vit\u00f3rias\u201d, comentou.<br> <br> Uch\u00f4a relembrou que o ano legislativo come\u00e7ou agora, mas que antes desse per\u00edodo o trabalho n\u00e3o parou. O vereador frisou tamb\u00e9m que um dos pap\u00e9is de um vereador \u00e9 o de fiscalizar a gest\u00e3o municipal. \u201cN\u00f3s precisamos entender, que o vereador tem o papel de fiscalizar. Mas infelizmente, quando n\u00f3s exercemos esse papel, resulta em alguns posicionamentos como se n\u00f3s fossemos contra a prefeitura. Pelo contr\u00e1rio. N\u00f3s n\u00e3o somos contra, n\u00f3s queremos \u00e9 que a prefeitura sempre acerte, e o nosso papel \u00e9 cobrar\u201d disse<br> <br> \u201cO povo palmense nos elegeu para fiscalizar, e um dos pontos que tenho cobrado \u00e9 a situa\u00e7\u00e3o das vias da cidade, que est\u00e1 hoje repleta de buracos. E n\u00e3o d\u00e1 para colocarmos a culpa na chuva. O preju\u00edzo sofrido por buracos nas vias est\u00e1 sendo grande, mas quando cobramos solu\u00e7\u00f5es, \u00e0s vezes, at\u00e9 mesmo os secret\u00e1rios t\u00eam a vis\u00e3o de que n\u00f3s somos contra. O que n\u00f3s queremos \u00e9 que acerte, pois nossa Palmas \u00e9 maior que vereador, maior que prefeita, \u00e9 maior do que qualquer pol\u00edtico.\u201d<br> <br> O vereador lembrou tamb\u00e9m do problema que o bairro Aureny vive com a quantidade de buracos. \u201cO Aureny vive uma situa\u00e7\u00e3o praticamente de abandono. At\u00e9 tem locais, como a avenida principal do Aureny 4, que recebeu um asfalto diferenciado, mas a BRK realizou obras por l\u00e1, onde realizou diversas perfura\u00e7\u00f5es e deixou tudo l\u00e1 com a obra inacabada. O preju\u00edzo est\u00e1 sendo grande para toda a popula\u00e7\u00e3o e com\u00e9rcio da regi\u00e3o. V\u00e1rios acidentes est\u00e3o acontecendo por conta dessa situa\u00e7\u00e3o. Precisamos que a Prefeitura de Palmas pegue firme nesta situa\u00e7\u00e3o. Eu estou na torcida para que a prefeita acerte ponto pois n\u00f3s n\u00e3o estamos aqui criticando para que seja um preju\u00edzo para a gest\u00e3o.<\/p>\n\n\n\n<p>Fonte: primeirapagina<\/p>\n","protected":false},"excerpt":{"rendered":"<p>O vereador Rubens Uch\u00f4a participou da sess\u00e3o solene de abertura do ano legislativo de 2022 na \u00faltima ter\u00e7a-feira, 08. Na ocasi\u00e3o, ele afirmou que a expectativa da c\u00e2mara \u00e9 que neste ano de 2022 possam trabalhar mais e acertar mais. O vereador falou tamb\u00e9m sobre o que a popula\u00e7\u00e3o palmense espera dos vereadores. \u201cH\u00e1 uma [&hellip;]<\/p>\n","protected":false},"author":2,"featured_media":10505,"comment_status":"open","ping_status":"open","sticky":false,"template":"","format":"standard","meta":[],"categories":[8],"tags":[],"_links":{"self":[{"href":"https:\/\/dgospel.com.br\/portal\/index.php\/wp-json\/wp\/v2\/posts\/10504"}],"collection":[{"href":"https:\/\/dgospel.com.br\/portal\/index.php\/wp-json\/wp\/v2\/posts"}],"about":[{"href":"https:\/\/dgospel.com.br\/portal\/index.php\/wp-json\/wp\/v2\/types\/post"}],"author":[{"embeddable":true,"href":"https:\/\/dgospel.com.br\/portal\/index.php\/wp-json\/wp\/v2\/users\/2"}],"replies":[{"embeddable":true,"href":"https:\/\/dgospel.com.br\/portal\/index.php\/wp-json\/wp\/v2\/comments?post=10504"}],"version-history":[{"count":1,"href":"https:\/\/dgospel.com.br\/portal\/index.php\/wp-json\/wp\/v2\/posts\/10504\/revisions"}],"predecessor-version":[{"id":10506,"href":"https:\/\/dgospel.com.br\/portal\/index.php\/wp-json\/wp\/v2\/posts\/10504\/revisions\/10506"}],"wp:featuredmedia":[{"embeddable":true,"href":"https:\/\/dgospel.com.br\/portal\/index.php\/wp-json\/wp\/v2\/media\/10505"}],"wp:attachment":[{"href":"https:\/\/dgospel.com.br\/portal\/index.php\/wp-json\/wp\/v2\/media?parent=10504"}],"wp:term":[{"taxonomy":"category","embeddable":true,"href":"https:\/\/dgospel.com.br\/portal\/index.php\/wp-json\/wp\/v2\/categories?post=10504"},{"taxonomy":"post_tag","embeddable":true,"href":"https:\/\/dgospel.com.br\/portal\/index.php\/wp-json\/wp\/v2\/tags?post=10504"}],"curies":[{"name":"wp","href":"https:\/\/api.w.org\/{rel}","templated":true}]}}