{"id":10510,"date":"2022-02-09T15:54:39","date_gmt":"2022-02-09T18:54:39","guid":{"rendered":"http:\/\/dgospel.com.br\/portal\/?p=10510"},"modified":"2022-02-09T15:54:40","modified_gmt":"2022-02-09T18:54:40","slug":"wanderlei-barbosa-reune-se-com-ministro-augusto-nardes-para-estabelecer-parcerias-no-ambito-de-governanca-publica","status":"publish","type":"post","link":"https:\/\/dgospel.com.br\/portal\/index.php\/2022\/02\/09\/wanderlei-barbosa-reune-se-com-ministro-augusto-nardes-para-estabelecer-parcerias-no-ambito-de-governanca-publica\/","title":{"rendered":"Wanderlei Barbosa re\u00fane-se com ministro Augusto Nardes para estabelecer parcerias no \u00e2mbito de governan\u00e7a p\u00fablica"},"content":{"rendered":"\n<p>O governador em exerc\u00edcio do Tocantins, Wanderlei Barbosa, cumpre agenda em Bras\u00edlia (DF), onde na manh\u00e3 desta quarta-feira, 9, reuniu-se com o ministro do Tribunal de Contas da Uni\u00e3o (TCU), Augusto Nardes, considerado uma refer\u00eancia no Brasil quando o assunto \u00e9 governan\u00e7a p\u00fablica. Estabelecer parcerias entre o Governo do Tocantins e o TCU nesta \u00e1rea foi o objetivo da reuni\u00e3o, tendo em vista que, no dia 1\u00b0 de fevereiro deste ano,&nbsp;o Governador deu um passo importante ao editar o Decreto n\u00b0 6.395, que institui a Pol\u00edtica de Governan\u00e7a P\u00fablica da Administra\u00e7\u00e3o Direta e Indireta do Poder Executivo Estadual.<\/p>\n\n\n\n<p>\u201cAgrade\u00e7o a maneira gentil como nos recebe e coloca o Tribunal e a sua experi\u00eancia ao nosso dispor para que possamos ajudar os nossos gestores, prefeitos e gestores de c\u00e2maras. Os poderes estar\u00e3o todos imbu\u00eddos nesse prop\u00f3sito, trabalhando juntos para dar transpar\u00eancia aos nossos atos. Quero convid\u00e1-lo para estar conosco no Tocantins, nos ajudando nessa agenda que \u00e9 important\u00edssima. O Tocantins passa por muitas dificuldades, mas com o nosso esfor\u00e7o e essa ajuda, seguramente n\u00f3s vamos superar tudo isso\u201d, destacou o governador Wanderlei Barbosa.<\/p>\n\n\n\n<p>O ministro Augusto Nardes, que j\u00e1 foi presidente do TCU, defende que a governan\u00e7a p\u00fablica \u00e9 fundamental para a retomada do crescimento econ\u00f4mico no Brasil e que esse mecanismo deve ser implementado por todos os entes p\u00fablicos. \u201cO governador Wanderlei Barbosa j\u00e1 est\u00e1 transformando o Estado, implantando governan\u00e7a p\u00fablica para buscar transpar\u00eancia e, acima de tudo, buscar a entrega de resultados para a sociedade. Quando se tem uma boa governan\u00e7a, se entrega resultado. Fico muito feliz pelo ato de patriotismo e coragem que o Governador est\u00e1 fazendo para transformar o Estado do Tocantins, diminuir o desvio e a fraude e combater a corrup\u00e7\u00e3o\u201d, destacou.<\/p>\n\n\n\n<p>O secret\u00e1rio de Estado da Fazenda, J\u00falio Edstron, pontuou tamb\u00e9m que a edi\u00e7\u00e3o do Decreto foi um ato de coragem por parte do Governador. \u201cA governan\u00e7a p\u00fablica trata das melhores pr\u00e1ticas e, dentro dessa vis\u00e3o de coopera\u00e7\u00e3o e administra\u00e7\u00e3o p\u00fablica, o Governador est\u00e1 fazendo uma visita ao ministro Augusto Nardes que, enquanto presidente do TCU, inaugurou essa pol\u00edtica de governan\u00e7a dentro do TCU que acaba irradiando para os estados. Nesse sentido, essa visita \u00e9 tanto para se estabelecer parcerias quanto para que o Governador tenha efetivas manifesta\u00e7\u00f5es de governan\u00e7a dentro do seu governo\u201d, complementou.<\/p>\n\n\n\n<p><strong>Decreto<\/strong><\/p>\n\n\n\n<p>O Decreto n\u00ba 6.395 destaca como governan\u00e7a p\u00fablica o conjunto de mecanismos de lideran\u00e7a, estrat\u00e9gia e controle de condu\u00e7\u00e3o de pol\u00edticas p\u00fablicas e presta\u00e7\u00e3o de servi\u00e7os de interesse da sociedade, aplicados para avaliar, direcionar e monitorar a gest\u00e3o. Tamb\u00e9m considera o valor p\u00fablico, como produtos e resultados gerados, preservados ou entregues pelas atividades de uma organiza\u00e7\u00e3o, os quais representem respostas efetivas e \u00fateis \u00e0s necessidades ou \u00e0s demandas de interesse p\u00fablico e modificam aspectos do conjunto da sociedade ou de alguns grupos espec\u00edficos reconhecidos como destinat\u00e1rios leg\u00edtimos de bens e servi\u00e7os p\u00fablicos.<\/p>\n\n\n\n<p>O decreto cita ainda o controle interno como essencial no processo de verifica\u00e7\u00e3o e conforma\u00e7\u00e3o dos procedimentos executados pelos servidores p\u00fablicos \u00e0 legisla\u00e7\u00e3o vigente, com vistas \u00e0 diminui\u00e7\u00e3o de riscos e \u00e0 reafirma\u00e7\u00e3o da seguran\u00e7a jur\u00eddica na gest\u00e3o p\u00fablica.<\/p>\n\n\n\n<p>O decreto tamb\u00e9m instituiu o Conselho de Governan\u00e7a P\u00fablica (CGOV), que tem como objetivo assessorar o Governador na condu\u00e7\u00e3o da pol\u00edtica de governan\u00e7a p\u00fablica.<\/p>\n\n\n\n<p>Tamb\u00e9m acompanharam o Governador na reuni\u00e3o os secret\u00e1rios da Casa Civil, Deocleciano Gomes; da Governadoria, C\u00e9sar Halum; da Casa Militar, coronel M\u00e1rcio Ant\u00f4nio Barbosa; o deputado estadual Ricardo Ayres; e o vereador de Palmas, Marilon Barbosa.<\/p>\n\n\n\n<figure class=\"wp-block-image\"><img src=\"https:\/\/central.to.gov.br\/image\/279181?w=670&amp;h=383\" alt=\"\"\/><\/figure>\n\n\n\n<p>A governan\u00e7a p\u00fablica visa dar transpar\u00eancia a todos os atos e gerar resultados para a popula\u00e7\u00e3o &#8211; J\u00e9ssica Matos\/Governo do Tocantins\u00a0<\/p>\n\n\n\n<figure class=\"wp-block-image\"><img src=\"https:\/\/central.to.gov.br\/image\/279179?w=670&amp;h=383\" alt=\"\"\/><\/figure>\n\n\n\n<p>Governador Wanderlei Barbosa e ministro Augusto Nardes falaram sobre parcerias voltadas \u00e0 governan\u00e7a p\u00fablica &#8211; J\u00e9ssica Matos\/Governo do Tocantins&nbsp;<a href=\"https:\/\/central.to.gov.br\/image\/279179?f=1\" target=\"_blank\" rel=\"noreferrer noopener\"><em>fi<\/em><\/a><\/p>\n","protected":false},"excerpt":{"rendered":"<p>O governador em exerc\u00edcio do Tocantins, Wanderlei Barbosa, cumpre agenda em Bras\u00edlia (DF), onde na manh\u00e3 desta quarta-feira, 9, reuniu-se com o ministro do Tribunal de Contas da Uni\u00e3o (TCU), Augusto Nardes, considerado uma refer\u00eancia no Brasil quando o assunto \u00e9 governan\u00e7a p\u00fablica. Estabelecer parcerias entre o Governo do Tocantins e o TCU nesta \u00e1rea [&hellip;]<\/p>\n","protected":false},"author":2,"featured_media":10511,"comment_status":"open","ping_status":"open","sticky":false,"template":"","format":"standard","meta":[],"categories":[3],"tags":[13],"_links":{"self":[{"href":"https:\/\/dgospel.com.br\/portal\/index.php\/wp-json\/wp\/v2\/posts\/10510"}],"collection":[{"href":"https:\/\/dgospel.com.br\/portal\/index.php\/wp-json\/wp\/v2\/posts"}],"about":[{"href":"https:\/\/dgospel.com.br\/portal\/index.php\/wp-json\/wp\/v2\/types\/post"}],"author":[{"embeddable":true,"href":"https:\/\/dgospel.com.br\/portal\/index.php\/wp-json\/wp\/v2\/users\/2"}],"replies":[{"embeddable":true,"href":"https:\/\/dgospel.com.br\/portal\/index.php\/wp-json\/wp\/v2\/comments?post=10510"}],"version-history":[{"count":1,"href":"https:\/\/dgospel.com.br\/portal\/index.php\/wp-json\/wp\/v2\/posts\/10510\/revisions"}],"predecessor-version":[{"id":10512,"href":"https:\/\/dgospel.com.br\/portal\/index.php\/wp-json\/wp\/v2\/posts\/10510\/revisions\/10512"}],"wp:featuredmedia":[{"embeddable":true,"href":"https:\/\/dgospel.com.br\/portal\/index.php\/wp-json\/wp\/v2\/media\/10511"}],"wp:attachment":[{"href":"https:\/\/dgospel.com.br\/portal\/index.php\/wp-json\/wp\/v2\/media?parent=10510"}],"wp:term":[{"taxonomy":"category","embeddable":true,"href":"https:\/\/dgospel.com.br\/portal\/index.php\/wp-json\/wp\/v2\/categories?post=10510"},{"taxonomy":"post_tag","embeddable":true,"href":"https:\/\/dgospel.com.br\/portal\/index.php\/wp-json\/wp\/v2\/tags?post=10510"}],"curies":[{"name":"wp","href":"https:\/\/api.w.org\/{rel}","templated":true}]}}