{"id":10516,"date":"2022-02-11T12:55:29","date_gmt":"2022-02-11T15:55:29","guid":{"rendered":"http:\/\/dgospel.com.br\/portal\/?p=10516"},"modified":"2022-02-11T12:55:30","modified_gmt":"2022-02-11T15:55:30","slug":"governo-da-bahia-promove-transexualidade-para-criancas","status":"publish","type":"post","link":"https:\/\/dgospel.com.br\/portal\/index.php\/2022\/02\/11\/governo-da-bahia-promove-transexualidade-para-criancas\/","title":{"rendered":"Governo da Bahia \u201cpromove\u201d transexualidade para crian\u00e7as"},"content":{"rendered":"\n<p>\n\nUma publica\u00e7\u00e3o da Secretaria de Cultura da&nbsp;<a rel=\"noreferrer noopener\" href=\"http:\/\/pleno.news\/tag\/bahia\" target=\"_blank\">Bahia<\/a>&nbsp;nas redes sociais causou pol\u00eamica por divulgar uma obra que aborda a transexualidade para crian\u00e7as.\n\n<\/p>\n\n\n\n<figure class=\"wp-block-image\"><img src=\"https:\/\/static.cdn.pleno.news\/2022\/02\/Screenshot_85-e1644514473156.jpg\" alt=\"\" class=\"wp-image-892944\"\/><figcaption>Videobook sobre transexualidade para crian\u00e7as foi criticado\u00a0Foto: Reprodu\u00e7\u00e3o\/YouTube Insolita<br><\/figcaption><\/figure>\n\n\n\n<p> Na postagem feita na \u00faltima ter\u00e7a-feira (8), a pasta promove um videobook chamado\u00a0<em>A Ins\u00f3lita Hist\u00f3ria do Queijo Que Queria Ser Goiabada<\/em>, projeto que recebeu apoio financeiro do governo baiano via Lei Aldir Blanc. <\/p>\n\n\n\n<p>No videobook em quest\u00e3o, \u00e9 contada a hist\u00f3ria de J\u00falio, um queijo que gostaria de ser goiabada, em refer\u00eancia ao doce Romeu e Julieta. De acordo com a pasta, por\u00e9m, a premissa da obra \u00e9 \u201cabordar a transexualidade\u201d com uma narrativa que explore \u201ctoda a sensibilidade da crian\u00e7a e respeitando todas as nuances delicadas que o assunto traz consigo\u201d.<\/p>\n\n\n\n<figure class=\"wp-block-image\"><img src=\"https:\/\/static.cdn.pleno.news\/2022\/02\/Publica%C3%A7%C3%A3o-feita-pela-Secretaria-de-Cultura.jpg\" alt=\"\" class=\"wp-image-892967\"\/><figcaption>Publica\u00e7\u00e3o feita pela Secretaria de Cultura&nbsp;Foto: Reprodu\u00e7\u00e3o\/Instagram<\/figcaption><\/figure>\n\n\n\n<p>De acordo com a Secretaria, o projeto tem apoio \ufb01nanceiro do estado da Bahia, atrav\u00e9s da Secretaria de Cultura estadual, por meio de recursos redirecionados pela Secretaria Especial da Cultura do Minist\u00e9rio do Turismo via Lei Aldir Blanc.<\/p>\n\n\n\n<p>Entretanto, diversos coment\u00e1rios na publica\u00e7\u00e3o feita pela pasta nas redes sociais mostraram indigna\u00e7\u00e3o com a promo\u00e7\u00e3o desse conte\u00fado para crian\u00e7as. Nas mensagens, usu\u00e1rios discordaram do apoio ao projeto e chamaram o aux\u00edlio financeiro de \u201cdesperd\u00edcio de dinheiro p\u00fablico\u201d.<\/p>\n\n\n\n<p>\u2013 Por que n\u00e3o usa o dinheiro para preparar as escolas p\u00fablicas para inclus\u00e3o de alunos com defici\u00eancia ou com qualquer tipo de transtorno? Gente, acorda! Ap\u00f3s o per\u00edodo pand\u00eamico (e sei que ainda estamos ainda), muitas crian\u00e7as est\u00e3o com TEA [Transtorno de Espectro Autista] e precisam de apoio do governo [no sentido de] ajudar principalmente as fam\u00edlias e os professores, nesse momento t\u00e3o dif\u00edcil! \u2013 escreveu uma internauta.<\/p>\n\n\n\n<p>Confira algumas mensagens cr\u00edticas ao projeto:<\/p>\n\n\n\n<figure class=\"wp-block-image\"><img src=\"https:\/\/static.cdn.pleno.news\/2022\/02\/Screenshot_81.jpg\" alt=\"Coment\u00e1rios criticaram apoio a projeto sobre conte\u00fado trans para crian\u00e7as\"\/><figcaption>Coment\u00e1rios criticaram apoio a projeto sobre conte\u00fado trans para crian\u00e7as&nbsp;\/ Foto: Reprodu\u00e7\u00e3o\/Instagram<\/figcaption><\/figure>\n\n\n\n<figure class=\"wp-block-image\"><img src=\"https:\/\/static.cdn.pleno.news\/2022\/02\/Screenshot_80.jpg\" alt=\"Coment\u00e1rios criticaram apoio a projeto sobre conte\u00fado trans para crian\u00e7as\"\/><figcaption>Coment\u00e1rios criticaram apoio a projeto sobre conte\u00fado trans para crian\u00e7as&nbsp;\/ Foto: Reprodu\u00e7\u00e3o\/Instagram<\/figcaption><\/figure>\n\n\n\n<figure class=\"wp-block-image\"><img src=\"https:\/\/static.cdn.pleno.news\/2022\/02\/Screenshot_79.jpg\" alt=\"Coment\u00e1rios criticaram apoio a projeto sobre conte\u00fado trans para crian\u00e7as\"\/><figcaption>Coment\u00e1rios criticaram apoio a projeto sobre conte\u00fado trans para crian\u00e7as&nbsp;\/ Foto: Reprodu\u00e7\u00e3o\/Instagram<\/figcaption><\/figure>\n\n\n\n<figure class=\"wp-block-image\"><img src=\"https:\/\/static.cdn.pleno.news\/2022\/02\/Screenshot_78.jpg\" alt=\"Coment\u00e1rios criticaram apoio a projeto sobre conte\u00fado trans para crian\u00e7as\"\/><figcaption>Coment\u00e1rios criticaram apoio a projeto sobre conte\u00fado trans para crian\u00e7as&nbsp;\/ Foto: Reprodu\u00e7\u00e3o\/Instagram<\/figcaption><\/figure>\n\n\n\n<figure class=\"wp-block-image\"><img src=\"https:\/\/static.cdn.pleno.news\/2022\/02\/Screenshot_77.jpg\" alt=\"Coment\u00e1rios criticaram apoio a projeto sobre conte\u00fado trans para crian\u00e7as\"\/><figcaption>Coment\u00e1rios criticaram apoio a projeto sobre conte\u00fado trans para crian\u00e7as&nbsp;\/ Foto: Reprodu\u00e7\u00e3o\/Instagram<\/figcaption><\/figure>\n\n\n\n<figure class=\"wp-block-image\"><img src=\"https:\/\/static.cdn.pleno.news\/2022\/02\/Screenshot_76.jpg\" alt=\"Coment\u00e1rios criticaram apoio a projeto sobre conte\u00fado trans para crian\u00e7as\"\/><figcaption>Coment\u00e1rios criticaram apoio a projeto sobre conte\u00fado trans para crian\u00e7as&nbsp;\/ Foto: Reprodu\u00e7\u00e3o\/Instagram<\/figcaption><\/figure>\n\n\n\n<figure class=\"wp-block-image\"><img src=\"https:\/\/static.cdn.pleno.news\/2022\/02\/Screenshot_84.jpg\" alt=\"Coment\u00e1rios criticaram apoio a projeto sobre conte\u00fado trans para crian\u00e7as\"\/><figcaption>Coment\u00e1rios criticaram apoio a projeto sobre conte\u00fado trans para crian\u00e7as&nbsp;\/ Foto: Reprodu\u00e7\u00e3o\/Instagram<\/figcaption><\/figure>\n\n\n\n<figure class=\"wp-block-image\"><img src=\"https:\/\/static.cdn.pleno.news\/2022\/02\/Screenshot_75-1.jpg\" alt=\"Coment\u00e1rios criticaram apoio a projeto sobre conte\u00fado trans para crian\u00e7as\"\/><figcaption>Coment\u00e1rios criticaram apoio a projeto sobre conte\u00fado trans para crian\u00e7as&nbsp;\/ Foto: Reprodu\u00e7\u00e3o\/Instagram<\/figcaption><\/figure>\n\n\n\n<figure class=\"wp-block-image\"><img src=\"https:\/\/static.cdn.pleno.news\/2022\/02\/Screenshot_83.jpg\" alt=\"Coment\u00e1rios criticaram apoio a projeto sobre conte\u00fado trans para crian\u00e7as\"\/><figcaption>Coment\u00e1rios criticaram apoio a projeto sobre conte\u00fado trans para crian\u00e7as&nbsp;\/ Foto: Reprodu\u00e7\u00e3o\/Instagram<\/figcaption><\/figure>\n\n\n\n<figure class=\"wp-block-image\"><img src=\"https:\/\/static.cdn.pleno.news\/2022\/02\/Screenshot_82.jpg\" alt=\"Coment\u00e1rios criticaram apoio a projeto sobre conte\u00fado trans para crian\u00e7as\"\/><figcaption>Coment\u00e1rios criticaram apoio a projeto sobre conte\u00fado trans para crian\u00e7as&nbsp;\/ Foto: Reprodu\u00e7\u00e3o\/Instagram<\/figcaption><\/figure>\n\n\n\n<ul><li>1&nbsp;de 10<\/li><\/ul>\n\n\n\n<p>Fonte: pleno.news<\/p>\n","protected":false},"excerpt":{"rendered":"<p>Uma publica\u00e7\u00e3o da Secretaria de Cultura da&nbsp;Bahia&nbsp;nas redes sociais causou pol\u00eamica por divulgar uma obra que aborda a transexualidade para crian\u00e7as. Na postagem feita na \u00faltima ter\u00e7a-feira (8), a pasta promove um videobook chamado\u00a0A Ins\u00f3lita Hist\u00f3ria do Queijo Que Queria Ser Goiabada, projeto que recebeu apoio financeiro do governo baiano via Lei Aldir Blanc. No [&hellip;]<\/p>\n","protected":false},"author":2,"featured_media":10517,"comment_status":"open","ping_status":"open","sticky":false,"template":"","format":"standard","meta":[],"categories":[4],"tags":[14],"_links":{"self":[{"href":"https:\/\/dgospel.com.br\/portal\/index.php\/wp-json\/wp\/v2\/posts\/10516"}],"collection":[{"href":"https:\/\/dgospel.com.br\/portal\/index.php\/wp-json\/wp\/v2\/posts"}],"about":[{"href":"https:\/\/dgospel.com.br\/portal\/index.php\/wp-json\/wp\/v2\/types\/post"}],"author":[{"embeddable":true,"href":"https:\/\/dgospel.com.br\/portal\/index.php\/wp-json\/wp\/v2\/users\/2"}],"replies":[{"embeddable":true,"href":"https:\/\/dgospel.com.br\/portal\/index.php\/wp-json\/wp\/v2\/comments?post=10516"}],"version-history":[{"count":1,"href":"https:\/\/dgospel.com.br\/portal\/index.php\/wp-json\/wp\/v2\/posts\/10516\/revisions"}],"predecessor-version":[{"id":10518,"href":"https:\/\/dgospel.com.br\/portal\/index.php\/wp-json\/wp\/v2\/posts\/10516\/revisions\/10518"}],"wp:featuredmedia":[{"embeddable":true,"href":"https:\/\/dgospel.com.br\/portal\/index.php\/wp-json\/wp\/v2\/media\/10517"}],"wp:attachment":[{"href":"https:\/\/dgospel.com.br\/portal\/index.php\/wp-json\/wp\/v2\/media?parent=10516"}],"wp:term":[{"taxonomy":"category","embeddable":true,"href":"https:\/\/dgospel.com.br\/portal\/index.php\/wp-json\/wp\/v2\/categories?post=10516"},{"taxonomy":"post_tag","embeddable":true,"href":"https:\/\/dgospel.com.br\/portal\/index.php\/wp-json\/wp\/v2\/tags?post=10516"}],"curies":[{"name":"wp","href":"https:\/\/api.w.org\/{rel}","templated":true}]}}